
{"id":1996,"date":"2013-04-11T09:00:01","date_gmt":"2013-04-11T08:00:01","guid":{"rendered":"http:\/\/canal-literatura.com\/9certamen\/?p=1996"},"modified":"2013-04-11T09:00:29","modified_gmt":"2013-04-11T08:00:29","slug":"elena-marques-nunez-dama-literatura-2013","status":"publish","type":"post","link":"https:\/\/canal-literatura.com\/9certamen\/elena-marques-nunez-dama-literatura-2013\/","title":{"rendered":"Elena Marqu\u00e9s N\u00fa\u00f1ez, Dama Literatura 2013."},"content":{"rendered":"<p style=\"text-align: center;\"><img loading=\"lazy\" decoding=\"async\" class=\"aligncenter\" title=\"Elena Marqu\u00e9s N\u00fa\u00f1ez\" alt=\"Elena Marqu\u00e9s N\u00fa\u00f1ez\" src=\"http:\/\/canal-literatura.com\/fotos\/elena-marques-dama-literatura-P2013.jpg\" width=\"315\" height=\"346\" \/><\/p>\n<p>&nbsp;<\/p>\n<p style=\"text-align: justify;\">Lleg\u00f3 la primera al sal\u00f3n, preparado ya para el evento del 22 de marzo de 2013. Entr\u00f3\u00a0con paso decidido, acompa\u00f1ada por su <a href=\"http:\/\/canal-literatura.com\/blog\/blog-literatura\/el-ultimo-discurso-del-general-santibanez-de-elena-marques-nunez\/\" target=\"_blank\"><span style=\"color: #3366ff;\">\u201cGeneral Santib\u00e1\u00f1ez<\/span>\u201d<\/a> entre las manos. Con acento andaluz, fue saludando a todos, sonriente y cort\u00e9s. Pos\u00f3 con unos y con otros, discretamente, entre ellos el presidente Lorenzo Silva, la anfitriona, los compa\u00f1eros y, as\u00ed, entre palabras y salutaciones, fue disipando ese nerviosismo imperceptible (que yo advert\u00eda en su melena inquieta), ese cosquilleo interno que produce \u00a0el sentirse protagonista de un acontecimiento importante.<\/p>\n<p style=\"text-align: justify;\"><a href=\"http:\/\/canal-literatura.com\/blog\/zona-literaria\/elena-marques-nunez-dama-literatura-2013-por-sextavoce\/\" target=\"_blank\">Seguir leyendo<\/a><\/p>\n","protected":false},"excerpt":{"rendered":"<p>&nbsp; Lleg\u00f3 la primera al sal\u00f3n, preparado ya para el evento del 22 de marzo de 2013. Entr\u00f3\u00a0con paso decidido, acompa\u00f1ada por su \u201cGeneral Santib\u00e1\u00f1ez\u201d entre las manos. Con acento andaluz, fue saludando a todos, sonriente y cort\u00e9s. Pos\u00f3 con unos y con otros, discretamente, entre ellos el presidente Lorenzo [&hellip;]<\/p>\n","protected":false},"author":4,"featured_media":0,"comment_status":"closed","ping_status":"open","sticky":false,"template":"","format":"standard","meta":{"ngg_post_thumbnail":0,"footnotes":""},"categories":[4],"tags":[],"class_list":["post-1996","post","type-post","status-publish","format-standard","hentry","category-noticias"],"_links":{"self":[{"href":"https:\/\/canal-literatura.com\/9certamen\/wp-json\/wp\/v2\/posts\/1996","targetHints":{"allow":["GET"]}}],"collection":[{"href":"https:\/\/canal-literatura.com\/9certamen\/wp-json\/wp\/v2\/posts"}],"about":[{"href":"https:\/\/canal-literatura.com\/9certamen\/wp-json\/wp\/v2\/types\/post"}],"author":[{"embeddable":true,"href":"https:\/\/canal-literatura.com\/9certamen\/wp-json\/wp\/v2\/users\/4"}],"replies":[{"embeddable":true,"href":"https:\/\/canal-literatura.com\/9certamen\/wp-json\/wp\/v2\/comments?post=1996"}],"version-history":[{"count":0,"href":"https:\/\/canal-literatura.com\/9certamen\/wp-json\/wp\/v2\/posts\/1996\/revisions"}],"wp:attachment":[{"href":"https:\/\/canal-literatura.com\/9certamen\/wp-json\/wp\/v2\/media?parent=1996"}],"wp:term":[{"taxonomy":"category","embeddable":true,"href":"https:\/\/canal-literatura.com\/9certamen\/wp-json\/wp\/v2\/categories?post=1996"},{"taxonomy":"post_tag","embeddable":true,"href":"https:\/\/canal-literatura.com\/9certamen\/wp-json\/wp\/v2\/tags?post=1996"}],"curies":[{"name":"wp","href":"https:\/\/api.w.org\/{rel}","templated":true}]}}