
{"id":997,"date":"2012-11-05T01:11:01","date_gmt":"2012-11-05T00:11:01","guid":{"rendered":"http:\/\/canal-literatura.com\/9certamen\/?p=997"},"modified":"2012-11-05T01:11:01","modified_gmt":"2012-11-05T00:11:01","slug":"250-una-historia-de-aquel-tiempo-por-nazareno","status":"publish","type":"post","link":"https:\/\/canal-literatura.com\/9certamen\/250-una-historia-de-aquel-tiempo-por-nazareno\/","title":{"rendered":"250- Una historia de aquel tiempo. Por Nazareno"},"content":{"rendered":"<p style=\"text-align: justify;\">Izaskun apunt\u00f3 directamente a la nuca. Pello dorm\u00eda boca abajo como siempre, como tantas noches antes de aquel 5 de Enero de 1979, hac\u00eda fr\u00edo en Hondarribia, siempre hac\u00eda fr\u00edo en Enero en Hondarribia, pero aquel 5 de Enero, la nieve helaba la sangre de Izaskun. La muchacha cerr\u00f3 los ojos y apret\u00f3 el gatillo.<!--more--><\/p>\n<p style=\"text-align: justify;\">\u00a0\u00a0\u00a0\u00a0\u00a0\u00a0\u00a0\u00a0\u00a0\u00a0\u00a0 La sangre de Pello salpic\u00f3 su desnudez.<\/p>\n<p style=\"text-align: justify;\">\u00a0\u00a0\u00a0\u00a0\u00a0\u00a0\u00a0\u00a0\u00a0\u00a0\u00a0 Ten\u00eda que ser as\u00ed pens\u00f3.<\/p>\n<p style=\"text-align: justify;\">\u00a0\u00a0\u00a0\u00a0\u00a0\u00a0\u00a0\u00a0\u00a0\u00a0\u00a0 Luego continu\u00f3 con el proceso habitual, primero envolvi\u00f3 el cuerpo todav\u00eda caliente del joven y lo meti\u00f3 en el maletero del 124, luego lo limpi\u00f3 todo con la celeridad que da la experiencia y finalmente se sent\u00f3 y se inyect\u00f3 la dosis cotidiana de hero\u00edna.<\/p>\n<p style=\"text-align: justify;\">\u00a0\u00a0\u00a0\u00a0\u00a0\u00a0\u00a0\u00a0\u00a0\u00a0\u00a0 La droga empez\u00f3 a hacer efecto y la sumi\u00f3 en un estado de paz que ya solo consegu\u00eda con ella.<\/p>\n<p style=\"text-align: justify;\">\u00a0\u00a0\u00a0\u00a0\u00a0\u00a0\u00a0\u00a0\u00a0\u00a0\u00a0 Paz, musit\u00f3. \u00bfCu\u00e1nto tiempo llevaba ella sin paz?.<\/p>\n<p style=\"text-align: justify;\">\u00a0\u00a0\u00a0\u00a0\u00a0\u00a0\u00a0\u00a0\u00a0\u00a0\u00a0 Pello ya ten\u00eda su Paz.<\/p>\n<p style=\"text-align: justify;\">\u00a0\u00a0\u00a0\u00a0\u00a0\u00a0\u00a0\u00a0\u00a0\u00a0\u00a0 Izaskun ri\u00f3 y ri\u00f3 como nunca hab\u00eda re\u00eddo.<\/p>\n<p style=\"text-align: justify;\">\u00a0\u00a0\u00a0\u00a0\u00a0\u00a0\u00a0\u00a0\u00a0\u00a0\u00a0 Todo empez\u00f3 en febrero del 73, Izaskun y Pello se conocieron en la asamblea.<\/p>\n<p style=\"text-align: justify;\">\u00a0\u00a0\u00a0\u00a0\u00a0\u00a0\u00a0\u00a0\u00a0\u00a0\u00a0 Ella llevaba el pelo recogido, los ojos negros y el coraz\u00f3n caliente.<\/p>\n<p style=\"text-align: justify;\">\u00a0\u00a0\u00a0\u00a0\u00a0\u00a0\u00a0\u00a0\u00a0\u00a0\u00a0 Izaskun era hermana de Agust\u00edn Tirapu, alias \u201cPerolo\u201d, alias \u201cmanoplas\u201d alias \u201cJonan Torres\u201d, alias muchas cosas m\u00e1s.<\/p>\n<p style=\"text-align: justify;\">\u00a0\u00a0\u00a0\u00a0\u00a0\u00a0\u00a0\u00a0\u00a0\u00a0\u00a0 Tirapu era un hombre de acci\u00f3n, pero adem\u00e1s era un reclutador, pues a su audacia, sumaba un gran poder de convicci\u00f3n.<\/p>\n<p style=\"text-align: justify;\">\u00a0\u00a0\u00a0\u00a0\u00a0\u00a0\u00a0\u00a0\u00a0\u00a0\u00a0 Nunca quiso que su hermana Izaskun entrase en ETA, para \u00e9l la lucha armada era cosa de hombres y sab\u00eda en quien pod\u00eda confiar. Por eso confiaba en Pello, por su firmeza, su lealtad y su hombr\u00eda.<\/p>\n<p style=\"text-align: justify;\">\u00a0\u00a0\u00a0\u00a0\u00a0\u00a0\u00a0\u00a0\u00a0\u00a0\u00a0 Izaskun admiraba a su hermano y conoc\u00eda sus actividades clandestinas. Ella quer\u00eda participar, pero sab\u00eda que Agust\u00edn nunca lo consentir\u00eda.<\/p>\n<p style=\"text-align: justify;\">\u00a0\u00a0\u00a0\u00a0\u00a0\u00a0\u00a0\u00a0\u00a0\u00a0\u00a0 Por eso habl\u00f3 con Kepa, para que fuese el veterano militante y no su hermano quien la introdujese en la organizaci\u00f3n.<\/p>\n<p style=\"text-align: justify;\">\u00a0\u00a0\u00a0\u00a0\u00a0\u00a0\u00a0\u00a0\u00a0\u00a0\u00a0 Kepa la puso a prueba e Izaskun no lo defraud\u00f3.<\/p>\n<p style=\"text-align: justify;\">\u00a0\u00a0\u00a0\u00a0\u00a0\u00a0\u00a0\u00a0\u00a0\u00a0\u00a0 \u201cMuere de dos tiros en la cabeza un polic\u00eda armado\u201d Eibar 5 de Enero de 1973 rezaba el teletipo de EFE.<\/p>\n<p style=\"text-align: justify;\">\u00a0\u00a0\u00a0\u00a0\u00a0\u00a0\u00a0\u00a0\u00a0\u00a0\u00a0 Izaskun, acudi\u00f3 a la asamblea con su primer muerto contabilizado y como firme aspirante a formar parte de un comando itinerante.<\/p>\n<p style=\"text-align: justify;\">\u00a0\u00a0\u00a0\u00a0\u00a0\u00a0\u00a0\u00a0\u00a0\u00a0\u00a0 \u201cPerolo\u201d estaba en contra pero Kepa era juguet\u00f3n y la asamblea le hab\u00eda dado el mando de aquella zona. \u00c9l ten\u00eda que organizarlo todo, as\u00ed que no dud\u00f3 en poner a Izaskun a las \u00f3rdenes de su hermano.<\/p>\n<p style=\"text-align: justify;\">\u00a0\u00a0\u00a0\u00a0\u00a0\u00a0\u00a0\u00a0\u00a0\u00a0\u00a0 El tercer miembro del comando era Pello Land\u00e1buru, alias \u201cPello el guapo\u201d, alias \u201cTroskito\u201d.<\/p>\n<p style=\"text-align: justify;\">\u00a0\u00a0\u00a0\u00a0\u00a0\u00a0\u00a0\u00a0\u00a0\u00a0\u00a0 Pello se enamor\u00f3 de Izaskun la primera vez que oy\u00f3 su voz en aquella asamblea. Cuando la muchacha habl\u00f3 en un musical y perfecto Euskera.<\/p>\n<p style=\"text-align: justify;\">\u00a0\u00a0\u00a0\u00a0\u00a0\u00a0\u00a0\u00a0\u00a0\u00a0\u00a0 Pello lo hablaba mal, muy mal y le costaba a veces incluso entenderlo, pero en aquel momento no le import\u00f3 el fondo, si no solo la forma y le son\u00f3 tan bien la voz de la \u201cnueva\u201d como la llamaban todos, que no le hizo falta verla para saber que la quer\u00eda.<\/p>\n<p style=\"text-align: justify;\">\u00a0\u00a0\u00a0\u00a0\u00a0\u00a0\u00a0\u00a0\u00a0\u00a0\u00a0 Izaskun no era guapa, su aguile\u00f1a nariz, desdibujaba una cara que sin el ap\u00e9ndice nasal hubiese resultado atractiva, sus ojos intensamente oscuros eran su mejor arma, m\u00e1s all\u00e1 de su voz rugientemente serena.<\/p>\n<p style=\"text-align: justify;\">\u00a0\u00a0\u00a0\u00a0\u00a0\u00a0\u00a0\u00a0\u00a0\u00a0\u00a0 \u201cPello el guapo\u201d s\u00ed lo era realmente, por la organizaci\u00f3n corr\u00eda el rumor de que hab\u00eda sido actor en Francia y que por eso en una ocasi\u00f3n un Gendarme le permiti\u00f3 pasar por la aduana con dos nueve mil\u00edmetros que, seg\u00fan \u00e9l, eran para una pel\u00edcula.<\/p>\n<p style=\"text-align: justify;\">\u00a0\u00a0\u00a0\u00a0\u00a0\u00a0\u00a0\u00a0\u00a0\u00a0\u00a0 Los tres meses siguientes a la constituci\u00f3n del comando, Pello fue feliz con Izaskun y ella crey\u00f3 serlo tambi\u00e9n.<\/p>\n<p style=\"text-align: justify;\">\u00a0\u00a0\u00a0\u00a0\u00a0\u00a0\u00a0\u00a0\u00a0\u00a0\u00a0 Para Izaskun el amor era algo secundario, mientras que el sexo era algo fundamental.<\/p>\n<p style=\"text-align: justify;\">\u00a0\u00a0\u00a0\u00a0\u00a0\u00a0\u00a0\u00a0\u00a0\u00a0\u00a0 Para Pello el sexo era una necesidad y el amor un privilegio.<\/p>\n<p style=\"text-align: justify;\">\u00a0\u00a0\u00a0\u00a0\u00a0\u00a0\u00a0\u00a0\u00a0\u00a0\u00a0 Agust\u00edn Tirapu era el testigo de aquellos \u201cdevenires\u201d mientras preparaban el atraco al banco de Castelldefells, como financiaci\u00f3n previa al atentado de Baracaldo.<\/p>\n<p style=\"text-align: justify;\">\u00a0\u00a0\u00a0\u00a0\u00a0\u00a0\u00a0\u00a0\u00a0\u00a0\u00a0 El bautismo de fuego del comando fue un \u00e9xito, 4 militares muertos: 2 soldados, un cabo y un capit\u00e1n.<\/p>\n<p style=\"text-align: justify;\">\u00a0\u00a0\u00a0\u00a0\u00a0\u00a0\u00a0\u00a0\u00a0\u00a0\u00a0 La goma dos que puso Pello bajo la alcantarilla se los llev\u00f3 por los aires. El ensayo hab\u00eda surtido efecto, l\u00e1stima que ellos en lo de Carrero solo eran eso, el ensayo, otros se llevar\u00edan la gloria.<\/p>\n<p style=\"text-align: justify;\">\u00a0\u00a0\u00a0\u00a0\u00a0\u00a0\u00a0\u00a0\u00a0\u00a0\u00a0 Izaskun lo celebr\u00f3 a lo grande, aquel d\u00eda ella y su hermano probaron por primera vez la coca. Agust\u00edn se decant\u00f3 por ella, la chica se pasar\u00eda a\u00f1os despu\u00e9s al caballo.<\/p>\n<p style=\"text-align: justify;\">\u00a0\u00a0\u00a0\u00a0\u00a0\u00a0\u00a0\u00a0\u00a0\u00a0\u00a0 Pello nunca lo supo.<\/p>\n<p style=\"text-align: justify;\">\u00a0\u00a0\u00a0\u00a0\u00a0\u00a0\u00a0\u00a0\u00a0\u00a0\u00a0 Pello estaba contra las drogas, incluso era partidario de atentar directamente contra los traficantes.<\/p>\n<p style=\"text-align: justify;\">\u00a0\u00a0\u00a0\u00a0\u00a0\u00a0\u00a0\u00a0\u00a0\u00a0\u00a0 El comando y la relaci\u00f3n de Pello e Izaskun se mantuvieron durante dos a\u00f1os.<\/p>\n<p style=\"text-align: justify;\">\u00a0\u00a0\u00a0\u00a0\u00a0\u00a0\u00a0\u00a0\u00a0\u00a0\u00a0 En Marzo del 77 Agust\u00edn Tirapu cay\u00f3 en una redada. Ingres\u00f3 en Prisi\u00f3n.<\/p>\n<p style=\"text-align: justify;\">\u00a0\u00a0\u00a0\u00a0\u00a0\u00a0\u00a0\u00a0\u00a0\u00a0\u00a0 En la c\u00e1rcel tuvo tiempo de reflexionar, cuando vino la escisi\u00f3n se decant\u00f3 por la lucha pol\u00edtica y con la amnist\u00eda sali\u00f3 pronto de la trena.<\/p>\n<p style=\"text-align: justify;\">\u00a0\u00a0\u00a0\u00a0\u00a0\u00a0\u00a0\u00a0\u00a0\u00a0\u00a0 Pello no sab\u00eda nada de Izaskun cuando Agust\u00edn lo llam\u00f3, despu\u00e9s de la redada cada uno se escondi\u00f3 una temporada. El se qued\u00f3 en casa de unos amigos en Barcelona, ella cruz\u00f3 la frontera. Al principio hablaron un par de veces por tel\u00e9fono pero era peligroso.<\/p>\n<p style=\"text-align: justify;\">\u00a0\u00a0\u00a0\u00a0\u00a0\u00a0\u00a0\u00a0\u00a0\u00a0\u00a0 La busc\u00f3 despu\u00e9s durante meses, pero nadie sab\u00eda nada.<\/p>\n<p style=\"text-align: justify;\">\u00a0\u00a0\u00a0\u00a0\u00a0\u00a0\u00a0\u00a0\u00a0\u00a0\u00a0 Agust\u00edn y Pello se despidieron con un abrazo<\/p>\n<p style=\"text-align: justify;\">\u00a0\u00a0\u00a0\u00a0\u00a0\u00a0\u00a0\u00a0\u00a0\u00a0\u00a0 A los pocos minutos se oy\u00f3 un disparo.<\/p>\n<p style=\"text-align: justify;\">\u00a0\u00a0\u00a0\u00a0\u00a0\u00a0\u00a0\u00a0\u00a0\u00a0\u00a0 \u201cAgust\u00edn Tirapu, alias Perolo, alias Jonan Torres exmiembro de ETA y militante de Euzkadico Ezquerra ha sido asesinado en Bilbao, todo apunta a que puede tratarse de un atentado de la extrema derecha\u201d rezaba el titular del casi reci\u00e9n inaugurado Eguin.<\/p>\n<p style=\"text-align: justify;\">\u00a0\u00a0\u00a0\u00a0\u00a0\u00a0\u00a0\u00a0\u00a0\u00a0\u00a0 En el entierro Izaskun y Pello se encontraron de nuevo y el consuelo llev\u00f3 luego a retomar otras cosas.<\/p>\n<p style=\"text-align: justify;\">\u00a0\u00a0\u00a0\u00a0\u00a0\u00a0\u00a0\u00a0\u00a0\u00a0\u00a0 Pello hablaba de Paz, Izaskun hablaba de volver a las armas.<\/p>\n<p style=\"text-align: justify;\">\u00a0\u00a0\u00a0\u00a0\u00a0\u00a0\u00a0\u00a0\u00a0\u00a0\u00a0 Pello cre\u00eda que ahora vendr\u00eda una verdadera democracia, Izaskun solo cre\u00eda en Kepa.<\/p>\n<p style=\"text-align: justify;\">\u00a0\u00a0\u00a0\u00a0\u00a0\u00a0\u00a0\u00a0\u00a0\u00a0\u00a0 Kepa solo cre\u00eda en la muerte<\/p>\n<p style=\"text-align: justify;\">\u00a0\u00a0\u00a0\u00a0\u00a0\u00a0\u00a0\u00a0\u00a0\u00a0\u00a0 La tarde del 5 de enero Kepa dio la orden. Izaskun sab\u00eda que hab\u00eda llegado el momento, como lo supo d\u00edas antes cuando con las gafas oscuras y el pa\u00f1uelo anudado a la cabeza sigui\u00f3 a Pello Land\u00e1buru hasta el caf\u00e9 donde se encontrar\u00eda con Agust\u00edn Tirapu.<\/p>\n<p style=\"text-align: justify;\">\u00a0\u00a0\u00a0\u00a0\u00a0\u00a0\u00a0\u00a0\u00a0\u00a0\u00a0 Aquella noche tuvo un momento de debilidad, el tercer polvo hab\u00eda sido fant\u00e1stico, echar\u00eda de menos la lengua y el sexo de Pello.<\/p>\n<p style=\"text-align: justify;\">\u00a0\u00a0\u00a0\u00a0\u00a0\u00a0\u00a0\u00a0\u00a0\u00a0\u00a0 Pello siempre se dorm\u00eda tras el tercero, ser\u00eda m\u00e1s f\u00e1cil as\u00ed, no quer\u00eda verle suplicar, \u00e9l hab\u00eda sido un valiente, un gudari y ahora\u2026 Ahora\u00a0 ya no era nada, se hab\u00eda rendido a la est\u00fapida\u00a0 propaganda espa\u00f1ola.<\/p>\n<p style=\"text-align: justify;\">\u00a0\u00a0\u00a0\u00a0\u00a0\u00a0\u00a0\u00a0\u00a0\u00a0\u00a0 Izaskun re\u00eda, pensando que ahora Pello y Agust\u00edn, si es que existiera esa\u00a0 otra vida de la que le hablaron en la parroquia siendo ni\u00f1a, estar\u00edan disfrutando de su Paz y sus jilipolleces.<\/p>\n<p style=\"text-align: justify;\">\u00a0\u00a0\u00a0\u00a0\u00a0\u00a0\u00a0\u00a0\u00a0\u00a0\u00a0 Son\u00f3 el tel\u00e9fono Izaskun descolg\u00f3 y dijo- \u201cEst\u00e1 hecho\u201d- en su perfecto Euskera<\/p>\n<p style=\"text-align: justify;\">\u00a0\u00a0\u00a0\u00a0\u00a0\u00a0\u00a0\u00a0\u00a0\u00a0\u00a0 Al otro lado la aflautada voz de Kepa replic\u00f3 en el mismo idioma: \u201cBien hecho mi ni\u00f1a\u201d Deshazte de todo y nos vemos el jueves en Biarritz, queda mucho por hacer\u201d \u00a1Gora Euzkadi!.<\/p>\n<p style=\"text-align: justify;\">\u00a0\u00a0\u00a0\u00a0\u00a0\u00a0\u00a0\u00a0\u00a0\u00a0\u00a0 \u00a1Gora! dijo ella mientras dejaba caer el tel\u00e9fono. Se qued\u00f3 dormida.<\/p>\n<p style=\"text-align: justify;\">\u00a0\u00a0\u00a0\u00a0\u00a0\u00a0\u00a0\u00a0\u00a0\u00a0\u00a0 So\u00f1\u00f3 con los primeros tiempos, con Patxi, Edurne y los dem\u00e1s.<\/p>\n<p style=\"text-align: justify;\">\u00a0\u00a0\u00a0\u00a0\u00a0\u00a0\u00a0\u00a0\u00a0\u00a0\u00a0 So\u00f1\u00f3 con Agust\u00edn y Pello<\/p>\n<p style=\"text-align: justify;\">\u00a0\u00a0\u00a0\u00a0\u00a0\u00a0\u00a0\u00a0\u00a0\u00a0\u00a0 So\u00f1\u00f3 con Kepa<\/p>\n<p style=\"text-align: justify;\">\u00a0\u00a0\u00a0\u00a0\u00a0\u00a0\u00a0\u00a0\u00a0\u00a0\u00a0 So\u00f1\u00f3 con Kepa<\/p>\n<p style=\"text-align: justify;\">\u00a0\u00a0\u00a0\u00a0\u00a0\u00a0\u00a0\u00a0\u00a0\u00a0\u00a0 Solo quedaba Kepa<\/p>\n<p style=\"text-align: justify;\">\u00a0\u00a0\u00a0\u00a0\u00a0\u00a0\u00a0\u00a0\u00a0\u00a0\u00a0 Lo que quedaba de Izaskun so\u00f1\u00f3 con Kepa<\/p>\n<p style=\"text-align: justify;\">\u00a0\u00a0\u00a0\u00a0\u00a0\u00a0\u00a0\u00a0\u00a0\u00a0\u00a0 Cuando se despert\u00f3 solo quedaba Kepa<\/p>\n<p style=\"text-align: justify;\">\u00a0\u00a0\u00a0\u00a0\u00a0\u00a0\u00a0\u00a0\u00a0\u00a0\u00a0 El jueves hab\u00eda quedado con Kepa&#8230;<\/p>\n<p><strong>\u00a0<\/strong><\/p>\n","protected":false},"excerpt":{"rendered":"<p>Izaskun apunt\u00f3 directamente a la nuca. Pello dorm\u00eda boca abajo como siempre, como tantas noches antes de aquel 5 de Enero de 1979, hac\u00eda fr\u00edo en Hondarribia, siempre hac\u00eda fr\u00edo en Enero en Hondarribia, pero aquel 5 de Enero, la nieve helaba la sangre de Izaskun. La muchacha cerr\u00f3 los [&hellip;]<\/p>\n","protected":false},"author":4,"featured_media":0,"comment_status":"open","ping_status":"open","sticky":false,"template":"","format":"standard","meta":{"ngg_post_thumbnail":0,"footnotes":""},"categories":[5],"tags":[10,340,11],"class_list":["post-997","post","type-post","status-publish","format-standard","hentry","category-relatos","tag-9-certamen-de-narrativa-breve-2012","tag-comando","tag-relatos-2"],"_links":{"self":[{"href":"https:\/\/canal-literatura.com\/9certamen\/wp-json\/wp\/v2\/posts\/997","targetHints":{"allow":["GET"]}}],"collection":[{"href":"https:\/\/canal-literatura.com\/9certamen\/wp-json\/wp\/v2\/posts"}],"about":[{"href":"https:\/\/canal-literatura.com\/9certamen\/wp-json\/wp\/v2\/types\/post"}],"author":[{"embeddable":true,"href":"https:\/\/canal-literatura.com\/9certamen\/wp-json\/wp\/v2\/users\/4"}],"replies":[{"embeddable":true,"href":"https:\/\/canal-literatura.com\/9certamen\/wp-json\/wp\/v2\/comments?post=997"}],"version-history":[{"count":0,"href":"https:\/\/canal-literatura.com\/9certamen\/wp-json\/wp\/v2\/posts\/997\/revisions"}],"wp:attachment":[{"href":"https:\/\/canal-literatura.com\/9certamen\/wp-json\/wp\/v2\/media?parent=997"}],"wp:term":[{"taxonomy":"category","embeddable":true,"href":"https:\/\/canal-literatura.com\/9certamen\/wp-json\/wp\/v2\/categories?post=997"},{"taxonomy":"post_tag","embeddable":true,"href":"https:\/\/canal-literatura.com\/9certamen\/wp-json\/wp\/v2\/tags?post=997"}],"curies":[{"name":"wp","href":"https:\/\/api.w.org\/{rel}","templated":true}]}}