
{"id":1255,"date":"2016-07-27T11:28:46","date_gmt":"2016-07-27T09:28:46","guid":{"rendered":"http:\/\/canal-literatura.com\/apoesia9\/?p=1255"},"modified":"2024-04-04T01:09:05","modified_gmt":"2024-04-03T23:09:05","slug":"juanma-velasco-centelles-ganador-del-premio-especial-del-publico","status":"publish","type":"post","link":"https:\/\/canal-literatura.com\/apoesia9\/juanma-velasco-centelles-ganador-del-premio-especial-del-publico\/","title":{"rendered":"Juanma Velasco Centelles. Ganador del Premio Especial del P\u00fablico."},"content":{"rendered":"<h2 class=\"entry-title\" style=\"text-align: center;\">Ganador del Premio Especial del P\u00fablico.<\/h2>\n<h2 class=\"entry-title\" style=\"text-align: center;\"><a title=\"Enlace permanente a 73- El pedo. Por John Archer\" href=\"https:\/\/canal-literatura.com\/apoesia9\/73-el-pedo-por-john-archer\/\" rel=\"bookmark\">73- El pedo. Por John Archer<\/a><\/h2>\n<p><img loading=\"lazy\" decoding=\"async\" class=\"wp-image-1372 size-full aligncenter\" src=\"https:\/\/canal-literatura.com\/apoesia9\/files\/2016\/07\/Juanma-Velasco-Centelles-1.jpg\" alt=\"Juanma Velasco Centelles\" width=\"600\" height=\"473\" srcset=\"https:\/\/canal-literatura.com\/apoesia9\/files\/2016\/07\/Juanma-Velasco-Centelles-1.jpg 600w, https:\/\/canal-literatura.com\/apoesia9\/files\/2016\/07\/Juanma-Velasco-Centelles-1-300x237.jpg 300w, https:\/\/canal-literatura.com\/apoesia9\/files\/2016\/07\/Juanma-Velasco-Centelles-1-150x118.jpg 150w\" sizes=\"auto, (max-width: 600px) 100vw, 600px\" \/><\/p>\n<p style=\"text-align: center;\"><strong>Juanma Velasco Centelles<\/strong><br \/>\nCastell\u00f3n<\/p>\n<p style=\"text-align: justify;\">\u00a0 Yo soy escritor. No me tom\u00e9is por arrogante. Por vanidoso s\u00ed, me gusta gustar, como a la pr\u00e1ctica totalidad de quienes traficamos con la palabra escrita. Escritor a tiempo completo, para m\u00ed cuando abordo cualquier g\u00e9nero (novela, poes\u00eda, ensayo, literatura infantil, relato, cuento&#8230;), casi nada de lo literario me es ajeno; y para otros a trav\u00e9s de <a href=\"https:\/\/teescriboloquequieras.com\/\" target=\"_blank\" rel=\"noopener noreferrer\"><strong>mi espacio web<\/strong> <\/a>, como negro a la nueva usanza, un mercenario de la palabra con los p\u00e1rrafos blancos.<!--more--><br \/>\nResido cerca del mar, en Benic\u00e0ssim (Castell\u00f3n). Hace algunos a\u00f1os que dej\u00e9 un trabajo acomodado en horario y en salario para vivir en escritor las veinticuatro horas. Ahora malvivo pero resisto, resisto empu\u00f1ando mi \u00fanico talento, satisfecho por seguir siendo libre, precario por vivir in time.<br \/>\nA \u00abPoemas sin Rostro\u00bb lo conoc\u00ed a trav\u00e9s de mi b\u00fasqueda de cert\u00e1menes literarios a los que concurrir. Soy un asiduo a los concursos pero puedo matizar que me cautiv\u00f3 la din\u00e1mica de \u00e9ste que me ha acabado invistiendo como ganador del p\u00fablico, un galard\u00f3n que satisface de m\u00e1s en la medida que te escogen tus compa\u00f1eros de viaje y de armas literarias. Gozar de reconocimiento entre los de tu condici\u00f3n proporciona una abertura de sonrisa mayor.<br \/>\nEl Pedo es uno de mis cientos de sonetos, pero siempre me result\u00f3 singular. Transgresor pero elegante, expl\u00edcito pero sin caer en la vulgaridad. Estim\u00e9 que pod\u00eda resultar adecuado para la idiosincrasia de este certamen y as\u00ed parece haber sido.<br \/>\nSupone un notable ejercicio de libertad po\u00e9tica el que el p\u00fablico haya premiado a un poema de t\u00edtulo tan escasamente l\u00edrico. Poco m\u00e1s hay que decir sobre el talante de las gentes que conforman la materia primordial del espacio web y de quienes concurren.<br \/>\nSigo escribiendo, reforzado por est\u00edmulos como \u00e9ste, consciente de que mi universo es tan amplio como sea capaz de describirlo, que no tengo otros l\u00edmites que los de mi lenguaje.<br \/>\nSeguimos, nos gustamos, esperando la pr\u00f3xima edici\u00f3n para volver a ataviarnos con la careta del anonimato y arrojar un poema, y que vuele una paloma.<\/p>\n<p style=\"text-align: justify;\"><strong>Juanma Velasco Centelles<\/strong><\/p>\n","protected":false},"excerpt":{"rendered":"<p>Ganador del Premio Especial del P\u00fablico. 73- El pedo. Por John Archer Juanma Velasco Centelles Castell\u00f3n \u00a0 Yo soy escritor. No me tom\u00e9is por arrogante. Por vanidoso s\u00ed, me gusta gustar, como a la pr\u00e1ctica totalidad de quienes traficamos con la palabra escrita. Escritor a tiempo completo, para m\u00ed cuando abordo cualquier g\u00e9nero (novela, poes\u00eda, ensayo, literatura infantil, relato, cuento&#8230;), casi nada de lo literario me es ajeno; y para otros a trav\u00e9s de mi espacio web , como negro a la nueva usanza, un mercenario de la palabra con los p\u00e1rrafos blancos.<\/p>\n<p> <a class=\"continue-reading-link\" href=\"https:\/\/canal-literatura.com\/apoesia9\/juanma-velasco-centelles-ganador-del-premio-especial-del-publico\/\"><span>Continuar leyendo<\/span><i class=\"crycon-right-dir\"><\/i><\/a> <\/p>\n","protected":false},"author":4,"featured_media":1372,"comment_status":"open","ping_status":"open","sticky":false,"template":"","format":"standard","meta":{"ngg_post_thumbnail":0,"footnotes":""},"categories":[794],"tags":[228,796,795],"class_list":["post-1255","post","type-post","status-publish","format-standard","has-post-thumbnail","hentry","category-premio-especial-del-publico","tag-el-pedo","tag-ganador-del-premio-especial-del-publico","tag-juanma-velasco-centelles"],"_links":{"self":[{"href":"https:\/\/canal-literatura.com\/apoesia9\/wp-json\/wp\/v2\/posts\/1255","targetHints":{"allow":["GET"]}}],"collection":[{"href":"https:\/\/canal-literatura.com\/apoesia9\/wp-json\/wp\/v2\/posts"}],"about":[{"href":"https:\/\/canal-literatura.com\/apoesia9\/wp-json\/wp\/v2\/types\/post"}],"author":[{"embeddable":true,"href":"https:\/\/canal-literatura.com\/apoesia9\/wp-json\/wp\/v2\/users\/4"}],"replies":[{"embeddable":true,"href":"https:\/\/canal-literatura.com\/apoesia9\/wp-json\/wp\/v2\/comments?post=1255"}],"version-history":[{"count":0,"href":"https:\/\/canal-literatura.com\/apoesia9\/wp-json\/wp\/v2\/posts\/1255\/revisions"}],"wp:featuredmedia":[{"embeddable":true,"href":"https:\/\/canal-literatura.com\/apoesia9\/wp-json\/wp\/v2\/media\/1372"}],"wp:attachment":[{"href":"https:\/\/canal-literatura.com\/apoesia9\/wp-json\/wp\/v2\/media?parent=1255"}],"wp:term":[{"taxonomy":"category","embeddable":true,"href":"https:\/\/canal-literatura.com\/apoesia9\/wp-json\/wp\/v2\/categories?post=1255"},{"taxonomy":"post_tag","embeddable":true,"href":"https:\/\/canal-literatura.com\/apoesia9\/wp-json\/wp\/v2\/tags?post=1255"}],"curies":[{"name":"wp","href":"https:\/\/api.w.org\/{rel}","templated":true}]}}