
{"id":941,"date":"2016-05-31T23:31:19","date_gmt":"2016-05-31T21:31:19","guid":{"rendered":"https:\/\/canal-literatura.com\/apoesia9\/?p=941"},"modified":"2016-06-05T20:50:33","modified_gmt":"2016-06-05T18:50:33","slug":"235-sueno-contigo-por-amaragua","status":"publish","type":"post","link":"https:\/\/canal-literatura.com\/apoesia9\/235-sueno-contigo-por-amaragua\/","title":{"rendered":"235- Sue\u00f1o contigo. Por Amaragua"},"content":{"rendered":"<h3 style=\"text-align: center;\">Sue\u00f1o contigo<\/h3>\n<p>&nbsp;<\/p>\n<p>Me gustar\u00eda tener,<br \/>\nlo que no tengo,<br \/>\naquello que perd\u00ed hace a\u00f1os<br \/>\ny hoy echo de menos.<!--more--><\/p>\n<p>Airear la ma\u00f1ana,<br \/>\nsacudir las entra\u00f1as,<br \/>\nabrir las ventanas.<\/p>\n<p>Sue\u00f1o con arribar<br \/>\na tu playa<br \/>\ny, como un peque\u00f1o bagatel,<br \/>\nnaufragar en ella.<\/p>\n<p>Sue\u00f1o con nadar<br \/>\na tu costa<br \/>\ny, como un rosado coral,<br \/>\nanclarme a tu roca.<\/p>\n<p>Encalar la pared<br \/>\nde mi alcoba<br \/>\ncon la arena de tu piel<br \/>\nque cubre mi espalda.<\/p>\n<p>Perfumar la almohada<br \/>\nde mi cama<br \/>\ncon la escarcha h\u00fameda<br \/>\nque desprende tu morada.<\/p>\n<p>Acallar la tormenta,<br \/>\ndormir las estrellas,<br \/>\ncorrer las cortinas.<\/p>\n<p>Sue\u00f1o con escalar<br \/>\nla monta\u00f1a<br \/>\ny, como una colosal estatua<br \/>\nerguirme en tu pedestal.<\/p>\n<p>Sue\u00f1o con rodear<br \/>\nla fortaleza<br \/>\ny, como un colorido estandarte,<br \/>\nabrazarme a tu almena.<\/p>\n<p>Cantar una serenata<br \/>\ncon las dulces palabras<br \/>\nque la brisa de tu boca<br \/>\nhace resbalar por mis lagrimas.<\/p>\n<p>Danzar en la madrugada<br \/>\ncon la suaves mareas<br \/>\nque la inmensa luna<br \/>\narrastra hacia tus orillas.<\/p>\n<p>So\u00f1ar despierta,<br \/>\nbatir las alas,<br \/>\namar sin barreras.<\/p>\n<p>Sue\u00f1o con&#8230;.<\/p>\n<p>&nbsp;<\/p>\n<p>&nbsp;<\/p>\n<p>&nbsp;<\/p>\n","protected":false},"excerpt":{"rendered":"<p>Sue\u00f1o contigo &nbsp; Me gustar\u00eda tener, lo que no tengo, aquello que perd\u00ed hace a\u00f1os y hoy echo de menos.<\/p>\n<p> <a class=\"continue-reading-link\" href=\"https:\/\/canal-literatura.com\/apoesia9\/235-sueno-contigo-por-amaragua\/\"><span>Continuar leyendo<\/span><i class=\"crycon-right-dir\"><\/i><\/a> <\/p>\n","protected":false},"author":4,"featured_media":61,"comment_status":"open","ping_status":"open","sticky":false,"template":"","format":"standard","meta":{"ngg_post_thumbnail":0,"footnotes":""},"categories":[2],"tags":[5,763,13,762,381],"class_list":["post-941","post","type-post","status-publish","format-standard","has-post-thumbnail","hentry","category-poemas","tag-9-certamen-poemas-sin-rostro-2016","tag-amaragua","tag-poemas","tag-sueno-contigo","tag-suenos"],"_links":{"self":[{"href":"https:\/\/canal-literatura.com\/apoesia9\/wp-json\/wp\/v2\/posts\/941","targetHints":{"allow":["GET"]}}],"collection":[{"href":"https:\/\/canal-literatura.com\/apoesia9\/wp-json\/wp\/v2\/posts"}],"about":[{"href":"https:\/\/canal-literatura.com\/apoesia9\/wp-json\/wp\/v2\/types\/post"}],"author":[{"embeddable":true,"href":"https:\/\/canal-literatura.com\/apoesia9\/wp-json\/wp\/v2\/users\/4"}],"replies":[{"embeddable":true,"href":"https:\/\/canal-literatura.com\/apoesia9\/wp-json\/wp\/v2\/comments?post=941"}],"version-history":[{"count":0,"href":"https:\/\/canal-literatura.com\/apoesia9\/wp-json\/wp\/v2\/posts\/941\/revisions"}],"wp:featuredmedia":[{"embeddable":true,"href":"https:\/\/canal-literatura.com\/apoesia9\/wp-json\/wp\/v2\/media\/61"}],"wp:attachment":[{"href":"https:\/\/canal-literatura.com\/apoesia9\/wp-json\/wp\/v2\/media?parent=941"}],"wp:term":[{"taxonomy":"category","embeddable":true,"href":"https:\/\/canal-literatura.com\/apoesia9\/wp-json\/wp\/v2\/categories?post=941"},{"taxonomy":"post_tag","embeddable":true,"href":"https:\/\/canal-literatura.com\/apoesia9\/wp-json\/wp\/v2\/tags?post=941"}],"curies":[{"name":"wp","href":"https:\/\/api.w.org\/{rel}","templated":true}]}}