
{"id":446,"date":"2014-04-14T20:36:05","date_gmt":"2014-04-14T18:36:05","guid":{"rendered":"http:\/\/canal-literatura.com\/xcertamen\/?p=446"},"modified":"2014-04-16T00:36:12","modified_gmt":"2014-04-15T22:36:12","slug":"el-dia-15-de-abril-ultimo-dia-para-envio-de-originales","status":"publish","type":"post","link":"https:\/\/canal-literatura.com\/xcertamen\/?p=446","title":{"rendered":"El d\u00eda 15 de abril \u00faltimo d\u00eda para env\u00edo de originales."},"content":{"rendered":"<p><a href=\"http:\/\/canal-literatura.com\/xcertamen\/files\/2014\/01\/banner-xcertamen-122x68.jpg\"><img loading=\"lazy\" decoding=\"async\" class=\"aligncenter size-full wp-image-50\" alt=\"banner-xcertamen-122x68\" src=\"http:\/\/canal-literatura.com\/xcertamen\/files\/2014\/01\/banner-xcertamen-122x68.jpg\" width=\"122\" height=\"68\" \/><\/a>Ma\u00f1ana martes d\u00eda <strong>15 de abril de 2014 a las 23:59 hora espa\u00f1ola<\/strong>, se cierra el plazo de env\u00edo de originales para participar en esta d\u00e9cima edici\u00f3n del certamen de narrativa breve.<\/p>\n<p>A\u00fan quedan horas para animarte a participar y enviarnos tu obra.<\/p>\n<p>\u00a1Feliz Semana Santa a todos!<\/p>\n<p>&nbsp;<\/p>\n","protected":false},"excerpt":{"rendered":"<p>Ma\u00f1ana martes d\u00eda 15 de abril de 2014 a las 23:59 hora espa\u00f1ola, se cierra el plazo de env\u00edo de originales para participar en esta d\u00e9cima edici\u00f3n del certamen de narrativa breve. A\u00fan quedan horas para animarte a participar y enviarnos tu obra. \u00a1Feliz Semana Santa a todos! &nbsp;<\/p>\n<p> <a class=\"continue-reading-link\" href=\"https:\/\/canal-literatura.com\/xcertamen\/?p=446\"><span>Leer m\u00e1s..<\/span><i class=\"crycon-right-dir\"><\/i><\/a> <\/p>\n","protected":false},"author":4,"featured_media":50,"comment_status":"closed","ping_status":"open","sticky":false,"template":"","format":"standard","meta":{"ngg_post_thumbnail":0,"footnotes":""},"categories":[3],"tags":[21,176,24,17],"class_list":["post-446","post","type-post","status-publish","format-standard","has-post-thumbnail","hentry","category-noticias","tag-21","tag-plazo","tag-relatos-a-concurso-2","tag-x-certamen-de-narrativa-breve"],"_links":{"self":[{"href":"https:\/\/canal-literatura.com\/xcertamen\/index.php?rest_route=\/wp\/v2\/posts\/446","targetHints":{"allow":["GET"]}}],"collection":[{"href":"https:\/\/canal-literatura.com\/xcertamen\/index.php?rest_route=\/wp\/v2\/posts"}],"about":[{"href":"https:\/\/canal-literatura.com\/xcertamen\/index.php?rest_route=\/wp\/v2\/types\/post"}],"author":[{"embeddable":true,"href":"https:\/\/canal-literatura.com\/xcertamen\/index.php?rest_route=\/wp\/v2\/users\/4"}],"replies":[{"embeddable":true,"href":"https:\/\/canal-literatura.com\/xcertamen\/index.php?rest_route=%2Fwp%2Fv2%2Fcomments&post=446"}],"version-history":[{"count":0,"href":"https:\/\/canal-literatura.com\/xcertamen\/index.php?rest_route=\/wp\/v2\/posts\/446\/revisions"}],"wp:featuredmedia":[{"embeddable":true,"href":"https:\/\/canal-literatura.com\/xcertamen\/index.php?rest_route=\/wp\/v2\/media\/50"}],"wp:attachment":[{"href":"https:\/\/canal-literatura.com\/xcertamen\/index.php?rest_route=%2Fwp%2Fv2%2Fmedia&parent=446"}],"wp:term":[{"taxonomy":"category","embeddable":true,"href":"https:\/\/canal-literatura.com\/xcertamen\/index.php?rest_route=%2Fwp%2Fv2%2Fcategories&post=446"},{"taxonomy":"post_tag","embeddable":true,"href":"https:\/\/canal-literatura.com\/xcertamen\/index.php?rest_route=%2Fwp%2Fv2%2Ftags&post=446"}],"curies":[{"name":"wp","href":"https:\/\/api.w.org\/{rel}","templated":true}]}}