
{"id":490,"date":"2014-04-18T09:10:57","date_gmt":"2014-04-18T07:10:57","guid":{"rendered":"http:\/\/canal-literatura.com\/xcertamen\/?p=490"},"modified":"2014-04-18T09:13:48","modified_gmt":"2014-04-18T07:13:48","slug":"normas-de-votacion-para-el-premio-especial-del-publico-2104","status":"publish","type":"post","link":"https:\/\/canal-literatura.com\/xcertamen\/?p=490","title":{"rendered":"Normas de votaci\u00f3n para el Premio Especial del P\u00fablico 2104"},"content":{"rendered":"<p><a href=\"http:\/\/canal-literatura.com\/xcertamen\/files\/2014\/01\/banner-xcertamen-468x61.jpg\"><img loading=\"lazy\" decoding=\"async\" class=\"aligncenter wp-image-51 size-medium\" title=\"X Certamen de Narrativa Breve,\" src=\"http:\/\/canal-literatura.com\/xcertamen\/files\/2014\/01\/banner-xcertamen-468x61-300x39.jpg\" alt=\"banner-xcertamen-468x61\" width=\"300\" height=\"39\" srcset=\"https:\/\/canal-literatura.com\/xcertamen\/files\/2014\/01\/banner-xcertamen-468x61-300x39.jpg 300w, https:\/\/canal-literatura.com\/xcertamen\/files\/2014\/01\/banner-xcertamen-468x61.jpg 468w\" sizes=\"auto, (max-width: 300px) 100vw, 300px\" \/><\/a><\/p>\n<h2>Es importante leer detenidamente estas normas.<\/h2>\n<p>&nbsp;<\/p>\n<h2>Aclaraciones importantes:<\/h2>\n<p>El certamen tiene dos apartados bien diferenciados:<\/p>\n<p style=\"text-align: justify;\"><strong>A-<\/strong>\u00a0Finalistas seleccionados por un grupo de lectura experto que decide los 10\u00a0relatos \u00a0que pasan al jurado oficial del certamen presidido por\u00a0<strong>Carmen Riera<\/strong>. \u00a0De esos diez finalistas, saldr\u00e1n el primer, segundo y tercer premio que tienen dotaci\u00f3n econ\u00f3mica y trofeo.\u00a0<strong>El p\u00fablico lector de la web no participa en este apartado .<\/strong><strong>\u00a0<!--more--><\/strong><\/p>\n<p>&nbsp;<\/p>\n<p style=\"text-align: justify;\"><strong>B-<\/strong>\u00a0Premio Especial del P\u00fablico. Este premio solo tiene un ganador y un trofeo, no tiene dotaci\u00f3n econ\u00f3mica (solo las aportaciones que quiera hacer el p\u00fablico lector a la cuenta de la Asociaci\u00f3n Canal Literatura).<br \/>\nEn la primera ronda, el p\u00fablico en general vota su\u00a0relato \u00a0favorito a trav\u00e9s de las estrellas que aparecen debajo de cada poema.\u00a0<strong>La votaci\u00f3n empieza en el momento que esas estrellas son visibles en la web \u00a0y se cerrar\u00e1\u00a0<\/strong><strong>\u00a0el 20\u00a0de mayo\u00a0de 2014 a<\/strong>\u00a0las 23:59 hora espa\u00f1ola.<\/p>\n<p style=\"text-align: justify;\">Entre los cinco\u00a0finalistas elegidos por el\u00a0<strong>p\u00fablico general<\/strong>\u00a0ser\u00e1n exclusivamente los <strong>74\u00a0 concursantes\u00a0<\/strong>quienes decidan el ganador tal y como se explica en el apartado n\u00ba3 de la segunda fase.<\/p>\n<p style=\"text-align: justify;\">La\u00a0votaci\u00f3n de los concursantes en la segunda ronda\u00a0<strong>se har\u00e1\u00a0 desde el d\u00eda\u00a021 de mayo de<\/strong><strong>\u00a02014 \u00a0 hasta el \u00a010 \u00a0de junio\u00a0 de 2014\u00a0<\/strong>\u00a0y el ganador se publicar\u00e1 el mismo d\u00eda que los\u00a0 finalistas del certamen\u00a0durante el mes de junio de 2014.<\/p>\n<p>**************************************************************************<\/p>\n<h2>Votaci\u00f3n: Primera fase<\/h2>\n<p><strong>Hasta el\u00a02o de mayo\u00a0de 2014.<\/strong><\/p>\n<p style=\"text-align: justify;\"><strong>1<\/strong>-La votaci\u00f3n del p\u00fablico se realizar\u00e1 a trav\u00e9s de las\u00a0<strong>10 estrellas<\/strong>\u00a0que aparecer\u00e1n al final de cada relato.<br \/>\nPinchar en la d\u00e9cima estrella es la m\u00e1xima cualificaci\u00f3n pero s\u00f3lo sirve para valorar la media ya que lo que se computa es el\u00a0<strong>n\u00famero \u00a0total de votos.<\/strong><\/p>\n<p style=\"text-align: justify;\"><strong>2<\/strong>-Esta votaci\u00f3n ser\u00e1\u00a0<strong>completamente libre<\/strong>\u00a0sin intervenci\u00f3n ni control alguno. Cualquier circunstancia imprevista ser\u00e1 resuelta en cada caso, seg\u00fan el criterio de seguridad de nuestros t\u00e9cnicos.<\/p>\n<p style=\"text-align: justify;\"><strong>3<\/strong>-Esta fase\u00a0\u00a0abierta del p\u00fablico general durar\u00e1 desde que\u00a0las estrellas est\u00e9n\u00a0disponibles hasta el\u00a020 de mayo de 2014, siendo seleccionados para la segunda fase los\u00a0cinco<strong>\u00a0relatos<\/strong>\u00a0con mayor\u00a0<strong>n\u00famero de votos<\/strong>\u00a0.<\/p>\n<p style=\"text-align: justify;\"><strong>4<\/strong>&#8211; Los relatos fuera de concurso \u00a0o descalificados, no tendr\u00e1n visibles las estrellas para la votaci\u00f3n ni podr\u00e1n votar.<\/p>\n<p>**************************************************************************<\/p>\n<p>&nbsp;<\/p>\n<h2>Votaci\u00f3n: Segunda fase<\/h2>\n<p><strong>21\u00a0de mayo de\u00a02014 \u00a0hasta el \u00a010 de junio\u00a0de 2014.\u00a0<\/strong><\/p>\n<p style=\"text-align: justify;\"><strong>1<\/strong>-A esta segunda fase pasar\u00e1n los cinco\u00a0relatos m\u00e1s votados por el p\u00fablico \u00a0general en la primera fase.<\/p>\n<p style=\"text-align: justify;\"><strong>2<\/strong>-Siguiendo el criterio y las indicaciones de los concursantes de anteriores cert\u00e1menes, y tal como se hizo en el VII, \u00a0VIII y IX Certamen 2012,\u00a0se ha creado una\u00a0 segunda fase \u00a0para que sean los\u00a0<strong>concursantes que participan<\/strong>\u00a0los que finalmente otorguen el Premio Especial del p\u00fablico entre los\u00a0cinco<strong>\u00a0 finalistas elegidos por el p\u00fablico general.<\/strong><\/p>\n<p>&nbsp;<\/p>\n<p><strong>Forma de votaci\u00f3n: (LEER CON ATECI\u00d3N)<\/strong><\/p>\n<p style=\"text-align: justify;\"><strong>3<\/strong>&#8211; Esta votaci\u00f3n se realizar\u00e1 mediante un comentario realizado con el\u00a0<strong>seud\u00f3nimo oficial<\/strong>\u00a0del concursante y el\u00a0<strong>correo electr\u00f3nico\u00a0que utiliz\u00f3 para enviar su documentaci\u00f3n al certamen.<\/strong><\/p>\n<p style=\"text-align: justify;\"><strong>4<\/strong>&#8211; En los relatos elegidos se dejar\u00e1 un comentario con el siguiente texto:\u00a0<strong>Voto por este relato.<\/strong><br \/>\nCada concursante podr\u00e1 votar a uno o varios relatos \u00a0finalistas,\u00a0 excepto el suyo si se encuentra entre ellos.<\/p>\n<p style=\"text-align: justify;\"><strong>5<\/strong>-El relato m\u00e1s votado por los concursantes, ser\u00e1 el\u00a0<strong>ganador del Premio Especial del P\u00fablico 2014<\/strong><\/p>\n<p style=\"text-align: justify;\"><strong>Rogamos a todos los concursantes que procuren participar en la segunda fase.<\/strong><\/p>\n<p><strong>************************************************************************<\/strong><\/p>\n","protected":false},"excerpt":{"rendered":"<p>Es importante leer detenidamente estas normas. &nbsp; Aclaraciones importantes: El certamen tiene dos apartados bien diferenciados: A-\u00a0Finalistas seleccionados por un grupo de lectura experto que decide los 10\u00a0relatos \u00a0que pasan al jurado oficial del certamen presidido por\u00a0Carmen Riera. \u00a0De esos diez finalistas, saldr\u00e1n el primer, segundo y tercer premio que&#8230;<\/p>\n<p> <a class=\"continue-reading-link\" href=\"https:\/\/canal-literatura.com\/xcertamen\/?p=490\"><span>Leer m\u00e1s..<\/span><i class=\"crycon-right-dir\"><\/i><\/a> <\/p>\n","protected":false},"author":4,"featured_media":52,"comment_status":"closed","ping_status":"open","sticky":false,"template":"","format":"standard","meta":{"ngg_post_thumbnail":0,"footnotes":""},"categories":[3],"tags":[21,195,197,196,17],"class_list":["post-490","post","type-post","status-publish","format-standard","has-post-thumbnail","hentry","category-noticias","tag-21","tag-normas","tag-premio-del-publico-2","tag-votacion","tag-x-certamen-de-narrativa-breve"],"_links":{"self":[{"href":"https:\/\/canal-literatura.com\/xcertamen\/index.php?rest_route=\/wp\/v2\/posts\/490","targetHints":{"allow":["GET"]}}],"collection":[{"href":"https:\/\/canal-literatura.com\/xcertamen\/index.php?rest_route=\/wp\/v2\/posts"}],"about":[{"href":"https:\/\/canal-literatura.com\/xcertamen\/index.php?rest_route=\/wp\/v2\/types\/post"}],"author":[{"embeddable":true,"href":"https:\/\/canal-literatura.com\/xcertamen\/index.php?rest_route=\/wp\/v2\/users\/4"}],"replies":[{"embeddable":true,"href":"https:\/\/canal-literatura.com\/xcertamen\/index.php?rest_route=%2Fwp%2Fv2%2Fcomments&post=490"}],"version-history":[{"count":0,"href":"https:\/\/canal-literatura.com\/xcertamen\/index.php?rest_route=\/wp\/v2\/posts\/490\/revisions"}],"wp:featuredmedia":[{"embeddable":true,"href":"https:\/\/canal-literatura.com\/xcertamen\/index.php?rest_route=\/wp\/v2\/media\/52"}],"wp:attachment":[{"href":"https:\/\/canal-literatura.com\/xcertamen\/index.php?rest_route=%2Fwp%2Fv2%2Fmedia&parent=490"}],"wp:term":[{"taxonomy":"category","embeddable":true,"href":"https:\/\/canal-literatura.com\/xcertamen\/index.php?rest_route=%2Fwp%2Fv2%2Fcategories&post=490"},{"taxonomy":"post_tag","embeddable":true,"href":"https:\/\/canal-literatura.com\/xcertamen\/index.php?rest_route=%2Fwp%2Fv2%2Ftags&post=490"}],"curies":[{"name":"wp","href":"https:\/\/api.w.org\/{rel}","templated":true}]}}