
{"id":499,"date":"2014-05-11T13:20:55","date_gmt":"2014-05-11T11:20:55","guid":{"rendered":"http:\/\/canal-literatura.com\/xcertamen\/?p=499"},"modified":"2014-05-20T09:25:32","modified_gmt":"2014-05-20T07:25:32","slug":"historias-de-reconciliacion-premio-especial-2014","status":"publish","type":"post","link":"https:\/\/canal-literatura.com\/xcertamen\/?p=499","title":{"rendered":"Historias de Reconciliaci\u00f3n. Premio Especial 2014. Pr\u00f3xima convocatoria."},"content":{"rendered":"<p style=\"color: #555555;\"><a href=\"http:\/\/canal-literatura.com\/xcertamen\/premio-especial-reconciliacion-2014\/\" target=\"_blank\"><img loading=\"lazy\" decoding=\"async\" class=\"aligncenter wp-image-509 size-full\" src=\"http:\/\/canal-literatura.com\/xcertamen\/files\/2014\/05\/500-reconciliacion1.jpg\" alt=\"Premio especial 2014. Historias de Reconciliaci\u00f3n.\" width=\"523\" height=\"306\" srcset=\"https:\/\/canal-literatura.com\/xcertamen\/files\/2014\/05\/500-reconciliacion1.jpg 523w, https:\/\/canal-literatura.com\/xcertamen\/files\/2014\/05\/500-reconciliacion1-300x175.jpg 300w\" sizes=\"auto, (max-width: 523px) 100vw, 523px\" \/><\/a><br \/>\nEl premio especial de este a\u00f1o,<strong style=\"font-weight: bold;\">\u00a0\u201cHistorias de Reconciliaci\u00f3n\u201d<\/strong>, tiene como fin\u00a0\u00a0recuperar de la memoria colectiva aquellas\u00a0historias\u00a0de concordia\u00a0escuchadas, vividas o de ficci\u00f3n\u00a0en cualquier \u00e1mbito donde es preciso armonizar la convivencia: familiar, amistoso, laboral, amoroso, hist\u00f3rico, etc.<br \/>\nEn tiempos donde s\u00f3lo se nos muestra el lado m\u00e1s violento y negativo de nuestras relaciones, hemos pensado \u00a0<strong style=\"font-weight: bold;\">invitar a\u00a0todos los\u00a0escritores<\/strong>\u00a0a que nos muestren tambi\u00e9n la parte positiva, solidaria y generosa\u00a0de la naturaleza humana.<\/p>\n<p style=\"color: #555555;\">Los textos tendr\u00e1n un m\u00e1ximo de\u00a0<strong style=\"font-weight: bold;\">700 palabras en prosa y 30 versos en poes\u00eda<\/strong>. En breve os comunicaremos c\u00f3mo participar con unas peque\u00f1as bases.<\/p>\n<p style=\"color: #555555;\">Los premios consistir\u00e1n en un trofeo de metal \u00a0para el ganador, un estuche de plumillas antiguas para los finalistas, un lote de libros\u00a0de la Asociaci\u00f3n Canal Literatura y la publicaci\u00f3n, junto a los ganadores y finalistas del X Certamen de Narrativa Breve, en el d\u00e9cimo libro de nuestra colecci\u00f3n:<em><strong style=\"font-weight: bold;\"> Relatos en el Canal 10<\/strong><\/em>.<\/p>\n<div id=\"attachment_504\" style=\"width: 605px\" class=\"wp-caption aligncenter\"><a style=\"color: #d8df21;\" href=\"http:\/\/canal-literatura.com\/xcertamen\/files\/2014\/05\/premiosPE-reconciliacion.jpg\"><img loading=\"lazy\" decoding=\"async\" aria-describedby=\"caption-attachment-504\" class=\"wp-image-504 size-full\" src=\"http:\/\/canal-literatura.com\/xcertamen\/files\/2014\/05\/premiosPE-reconciliacion.jpg\" alt=\"Premios para el Premio Especial &quot;Historias de Reconciliaci\u00f3n&quot;\" width=\"595\" height=\"386\" srcset=\"https:\/\/canal-literatura.com\/xcertamen\/files\/2014\/05\/premiosPE-reconciliacion.jpg 595w, https:\/\/canal-literatura.com\/xcertamen\/files\/2014\/05\/premiosPE-reconciliacion-300x194.jpg 300w\" sizes=\"auto, (max-width: 595px) 100vw, 595px\" \/><\/a><p id=\"caption-attachment-504\" class=\"wp-caption-text\">Premios para el Premio Especial \u00abHistorias de Reconciliaci\u00f3n\u00bb<\/p><\/div>\n<p style=\"color: #555555; text-align: center;\"><strong style=\"font-weight: bold;\">\u00a1\u00a1An\u00edmate a participar!!<\/strong><\/p>\n","protected":false},"excerpt":{"rendered":"<p>El premio especial de este a\u00f1o,\u00a0\u201cHistorias de Reconciliaci\u00f3n\u201d, tiene como fin\u00a0\u00a0recuperar de la memoria colectiva aquellas\u00a0historias\u00a0de concordia\u00a0escuchadas, vividas o de ficci\u00f3n\u00a0en cualquier \u00e1mbito donde es preciso armonizar la convivencia: familiar, amistoso, laboral, amoroso, hist\u00f3rico, etc. En tiempos donde s\u00f3lo se nos muestra el lado m\u00e1s violento y negativo de nuestras&#8230;<\/p>\n<p> <a class=\"continue-reading-link\" href=\"https:\/\/canal-literatura.com\/xcertamen\/?p=499\"><span>Leer m\u00e1s..<\/span><i class=\"crycon-right-dir\"><\/i><\/a> <\/p>\n","protected":false},"author":4,"featured_media":0,"comment_status":"open","ping_status":"open","sticky":false,"template":"","format":"standard","meta":{"ngg_post_thumbnail":0,"footnotes":""},"categories":[3,198],"tags":[201,202,205,203,204,199,200],"class_list":["post-499","post","type-post","status-publish","format-standard","hentry","category-noticias","category-p-e-reconciliacion","tag-concordia","tag-historias","tag-historias-de-reconciliacion","tag-memoria","tag-premio-especial-2014","tag-premio-especial-reconciliacion","tag-trofeos"],"_links":{"self":[{"href":"https:\/\/canal-literatura.com\/xcertamen\/index.php?rest_route=\/wp\/v2\/posts\/499","targetHints":{"allow":["GET"]}}],"collection":[{"href":"https:\/\/canal-literatura.com\/xcertamen\/index.php?rest_route=\/wp\/v2\/posts"}],"about":[{"href":"https:\/\/canal-literatura.com\/xcertamen\/index.php?rest_route=\/wp\/v2\/types\/post"}],"author":[{"embeddable":true,"href":"https:\/\/canal-literatura.com\/xcertamen\/index.php?rest_route=\/wp\/v2\/users\/4"}],"replies":[{"embeddable":true,"href":"https:\/\/canal-literatura.com\/xcertamen\/index.php?rest_route=%2Fwp%2Fv2%2Fcomments&post=499"}],"version-history":[{"count":0,"href":"https:\/\/canal-literatura.com\/xcertamen\/index.php?rest_route=\/wp\/v2\/posts\/499\/revisions"}],"wp:attachment":[{"href":"https:\/\/canal-literatura.com\/xcertamen\/index.php?rest_route=%2Fwp%2Fv2%2Fmedia&parent=499"}],"wp:term":[{"taxonomy":"category","embeddable":true,"href":"https:\/\/canal-literatura.com\/xcertamen\/index.php?rest_route=%2Fwp%2Fv2%2Fcategories&post=499"},{"taxonomy":"post_tag","embeddable":true,"href":"https:\/\/canal-literatura.com\/xcertamen\/index.php?rest_route=%2Fwp%2Fv2%2Ftags&post=499"}],"curies":[{"name":"wp","href":"https:\/\/api.w.org\/{rel}","templated":true}]}}