
{"id":555,"date":"2014-05-22T11:59:52","date_gmt":"2014-05-22T09:59:52","guid":{"rendered":"http:\/\/canal-literatura.com\/xcertamen\/?p=555"},"modified":"2014-05-24T00:32:22","modified_gmt":"2014-05-23T22:32:22","slug":"se-convoca-el-premio-especial-historias-de-reconciliacion-2014","status":"publish","type":"post","link":"https:\/\/canal-literatura.com\/xcertamen\/?p=555","title":{"rendered":"Se convoca el Premio Especial \u00abHistorias de Reconciliaci\u00f3n\u00bb 2014"},"content":{"rendered":"<p><img loading=\"lazy\" decoding=\"async\" class=\"aligncenter wp-image-511 size-full\" src=\"http:\/\/canal-literatura.com\/xcertamen\/files\/2014\/05\/reconciliacion200.jpg\" alt=\"Premio Especial reconciliaci\u00f3n 2014\" width=\"220\" height=\"129\" hspace=\"20\" \/><br \/>\nLa Asociaci\u00f3n Canal Literatura convoca el <strong>Premio Especial \u201cHistorias de Reconciliaci\u00f3n\u201d<\/strong> con el \u00e1nimo de recuperar historias que\u00a0 reflejen lo mejor del ser humano.<\/p>\n<p style=\"text-align: justify;\">Desde hoy hasta que se conozca la fecha de entrega de premios de este a\u00f1o, se pueden enviar las obras en espa\u00f1ol desde cualquier parte del mundo. En prosa o en poes\u00eda ci\u00f1\u00e9ndose al tema propuesto, de acuerdo con las <a href=\"http:\/\/canal-literatura.com\/xcertamen\/premio-especial-reconciliacion-2014\/\" target=\"_blank\"><span style=\"text-decoration: underline; color: #3366ff;\"><strong>BASES<\/strong><\/span><\/a> del premio y enviando los formularios oficiales disponibles en esta web.<\/p>\n<p style=\"text-align: justify;\"><a href=\"http:\/\/canal-literatura.com\/xcertamen\/files\/2014\/05\/jurado-PEspecial-2014.jpg\"><img loading=\"lazy\" decoding=\"async\" class=\"aligncenter wp-image-532 size-full\" src=\"http:\/\/canal-literatura.com\/xcertamen\/files\/2014\/05\/jurado-PEspecial-2014.jpg\" alt=\"jurado-PEspecial-2014\" width=\"450\" height=\"216\" srcset=\"https:\/\/canal-literatura.com\/xcertamen\/files\/2014\/05\/jurado-PEspecial-2014.jpg 450w, https:\/\/canal-literatura.com\/xcertamen\/files\/2014\/05\/jurado-PEspecial-2014-300x144.jpg 300w\" sizes=\"auto, (max-width: 450px) 100vw, 450px\" \/><\/a><\/p>\n<p style=\"text-align: justify;\"><span style=\"color: #000000;\">El jurado de este premio estar\u00e1 compuesto por la poeta\u00a0<\/span><a style=\"color: #d8df21;\" href=\"http:\/\/canal-literatura.com\/yolanda-saenz-de-tejada4\/\" target=\"_blank\"><span style=\"color: #3366ff;\"><strong>Yolanda Sa\u00e9nz de Tejada<\/strong>\u00a0<\/span><\/a><span style=\"color: #000000;\">y la escritora\u00a0<\/span><span style=\"color: #3366ff;\"><a style=\"color: #d8df21;\" href=\"http:\/\/canal-literatura.com\/mati-morata-sanchez\/\" target=\"_blank\"><span style=\"color: #3366ff;\"><strong>Mati Morata S\u00e1nchez<\/strong><\/span><\/a>,<\/span><span style=\"color: #000000;\">\u00a0ambas\u00a0colaboradoras habituales de este portal y conocidas por su vinculaci\u00f3n con la trasmisi\u00f3n de valores como el di\u00e1logo, la comprensi\u00f3n, la solidaridad,\u00a0la capacidad de superaci\u00f3n, la amistad y el trabajo colaborativo, siempre enfocando su trabajo\u00a0desde la alegr\u00eda de vivir que plasman\u00a0en sus obras.<\/span><\/p>\n<h3 style=\"color: #555555; text-align: center;\">\u00a0\u00a1\u00a1An\u00edmate a participar!!<\/h3>\n<p>Noticia en:<br \/>\n<a href=\"http:\/\/www.laverdad.es\/murcia\/culturas\/libros\/201405\/23\/canal-literatura-convoca-premio-20140523221417.html\" target=\"_blank\"><img loading=\"lazy\" decoding=\"async\" class=\"alignleft\" src=\"http:\/\/www.canal-literatura.com\/themes\/3D-Fantasy\/images\/header\/logo_laverdad.gif\" alt=\"Peri\u00f3dico LaVerdad.es\" width=\"171\" height=\"28\" \/><\/a><\/p>\n","protected":false},"excerpt":{"rendered":"<p>La Asociaci\u00f3n Canal Literatura convoca el Premio Especial \u201cHistorias de Reconciliaci\u00f3n\u201d con el \u00e1nimo de recuperar historias que\u00a0 reflejen lo mejor del ser humano. Desde hoy hasta que se conozca la fecha de entrega de premios de este a\u00f1o, se pueden enviar las obras en espa\u00f1ol desde cualquier parte del&#8230;<\/p>\n<p> <a class=\"continue-reading-link\" href=\"https:\/\/canal-literatura.com\/xcertamen\/?p=555\"><span>Leer m\u00e1s..<\/span><i class=\"crycon-right-dir\"><\/i><\/a> <\/p>\n","protected":false},"author":1,"featured_media":0,"comment_status":"open","ping_status":"open","sticky":false,"template":"","format":"standard","meta":{"ngg_post_thumbnail":0,"footnotes":""},"categories":[198],"tags":[18,209,199,208],"class_list":["post-555","post","type-post","status-publish","format-standard","hentry","category-p-e-reconciliacion","tag-convocatoria","tag-mati-morata","tag-premio-especial-reconciliacion","tag-yolanda-saenz-de-tejada"],"_links":{"self":[{"href":"https:\/\/canal-literatura.com\/xcertamen\/index.php?rest_route=\/wp\/v2\/posts\/555","targetHints":{"allow":["GET"]}}],"collection":[{"href":"https:\/\/canal-literatura.com\/xcertamen\/index.php?rest_route=\/wp\/v2\/posts"}],"about":[{"href":"https:\/\/canal-literatura.com\/xcertamen\/index.php?rest_route=\/wp\/v2\/types\/post"}],"author":[{"embeddable":true,"href":"https:\/\/canal-literatura.com\/xcertamen\/index.php?rest_route=\/wp\/v2\/users\/1"}],"replies":[{"embeddable":true,"href":"https:\/\/canal-literatura.com\/xcertamen\/index.php?rest_route=%2Fwp%2Fv2%2Fcomments&post=555"}],"version-history":[{"count":0,"href":"https:\/\/canal-literatura.com\/xcertamen\/index.php?rest_route=\/wp\/v2\/posts\/555\/revisions"}],"wp:attachment":[{"href":"https:\/\/canal-literatura.com\/xcertamen\/index.php?rest_route=%2Fwp%2Fv2%2Fmedia&parent=555"}],"wp:term":[{"taxonomy":"category","embeddable":true,"href":"https:\/\/canal-literatura.com\/xcertamen\/index.php?rest_route=%2Fwp%2Fv2%2Fcategories&post=555"},{"taxonomy":"post_tag","embeddable":true,"href":"https:\/\/canal-literatura.com\/xcertamen\/index.php?rest_route=%2Fwp%2Fv2%2Ftags&post=555"}],"curies":[{"name":"wp","href":"https:\/\/api.w.org\/{rel}","templated":true}]}}