
{"id":560,"date":"2014-05-23T00:11:41","date_gmt":"2014-05-22T22:11:41","guid":{"rendered":"http:\/\/canal-literatura.com\/xcertamen\/?p=560"},"modified":"2014-09-22T12:02:45","modified_gmt":"2014-09-22T10:02:45","slug":"pe-no1-tan-pequeno-por-deucalion","status":"publish","type":"post","link":"https:\/\/canal-literatura.com\/xcertamen\/?p=560","title":{"rendered":"PE-N\u00ba1- Tan peque\u00f1o&#8230; Por Deucali\u00f3n"},"content":{"rendered":"<p><img loading=\"lazy\" decoding=\"async\" class=\"aligncenter  wp-image-512\" src=\"http:\/\/canal-literatura.com\/xcertamen\/files\/2014\/05\/banner468x61.jpg\" alt=\"banner468x61\" width=\"272\" height=\"36\" srcset=\"https:\/\/canal-literatura.com\/xcertamen\/files\/2014\/05\/banner468x61.jpg 468w, https:\/\/canal-literatura.com\/xcertamen\/files\/2014\/05\/banner468x61-300x39.jpg 300w\" sizes=\"auto, (max-width: 272px) 100vw, 272px\" \/><\/p>\n<p>\u2014\u00a1Pero qu\u00e9 sorpresa! \u00bfQui\u00e9n se parece much\u00edsimo a mam\u00e1 cuando era peque\u00f1a?<\/p>\n<p style=\"text-align: justify;\">\u2014Yo, pap\u00e1\u2026 Pero ella tiene el pelo amarillo y muy liso, y yo lo tengo muy negro, \u00a1y rizado, rizado!<\/p>\n<p style=\"text-align: justify;\">\u2014T\u00fa lo tienes como yo, cielo. Pero, \u00bfy ese gesto?, \u00bfy esa pose? Esa zalamer\u00eda cuando hay una c\u00e1mara delante, est\u00e1 claro que es gen\u00e9tica.<\/p>\n<p><!--more--><\/p>\n<p style=\"text-align: justify;\">Noelia palpa las fotos con sus deditos como si fuera posible sentir el relieve. Cuando sus avispados ojos se centran en la imagen de su mam\u00e1, la acaricia despacio mientras asoma la punta de su lengua de entre sus labios, denotando concentraci\u00f3n. Noelia no es la \u00fanica que ve por primera vez fotos de Laura siendo una ni\u00f1a o una jovencita, Samuel las observa ensimismado con tanta atenci\u00f3n como su hija, aunque se esfuerza por disimularlo mientras lucha contra la emoci\u00f3n que le invade.<\/p>\n<p style=\"text-align: justify;\">\u2014Pap\u00e1, quiero ver m\u00e1s fotos de mam\u00e1, \u00a1muchas m\u00e1s fotos!<\/p>\n<p style=\"text-align: justify;\">\u2014Cari\u00f1o, el abuelo est\u00e1 a punto de llegar y ya hemos terminado el \u00e1lbum. Seguro que tiene m\u00e1s, pero tiene que d\u00e1rnoslas \u00e9l. Si quieres, mientras le esperamos, lo volvemos a ver de nuevo desde el principio.<\/p>\n<p style=\"text-align: justify;\">\u2014\u00bfY por qu\u00e9 el abuelo antes no exist\u00eda?<\/p>\n<p style=\"text-align: justify;\">\u2014A ver c\u00f3mo te lo explico\u2026 El abuelo lo pas\u00f3 muy mal cuando tu abuela muri\u00f3; se volvi\u00f3 demasiado protector de mam\u00e1 porque le daba miedo que le pasara algo malo. Mam\u00e1 y el abuelo siempre estaban discutiendo, y, cuando aparec\u00ed yo, los problemas entre ellos se hicieron a\u00fan m\u00e1s grandes, tanto que mam\u00e1 y el abuelo ya no pod\u00edan hablar, ni tan siquiera verse, sin re\u00f1ir. Entonces el abuelo desapareci\u00f3 de la vida de mam\u00e1.<\/p>\n<p style=\"text-align: justify;\">\u2014Si ahora ha aparecido, \u00bfes porque ya no est\u00e1n enfadados?<\/p>\n<p style=\"text-align: justify;\">\u2014Pues no lo s\u00e9, lo \u00fanico que s\u00e9 es que, al enterarse de lo que hab\u00eda pasado, el enfado se hizo peque\u00f1o, muy peque\u00f1o, tan peque\u00f1o que el abuelo pudo recordar lo mucho que quer\u00eda a mam\u00e1.<\/p>\n<p style=\"text-align: justify;\">\u2014\u00bfY el abuelo me quiere tambi\u00e9n a m\u00ed?<\/p>\n<p style=\"text-align: justify;\">Se escucha el repiqueteo de unas llaves y un portazo controlado.<\/p>\n<p style=\"text-align: justify;\">\u2014Perdonadme; siento haberos tenido que dejar aqu\u00ed solos, pero ten\u00eda que solucionar un asunto urgentemente. \u00bfSe os ha hecho larga la espera?<\/p>\n<p style=\"text-align: justify;\">\u2014No se preocupe, nos hemos entretenido con el \u00e1lbum de fotos que nos dej\u00f3. A Noelia le ha entusiasmado verlas.<\/p>\n<p style=\"text-align: justify;\">\u2014Se\u00f1or, \u00bfpodemos venir otro d\u00eda a ver m\u00e1s?<\/p>\n<p style=\"text-align: justify;\">\u2014Claro, Noelia, siempre que quieras. Pero con la condici\u00f3n de que, a partir de ahora, me llames abuelo.<\/p>\n<p style=\"text-align: justify;\">Noelia mira a su padre y se le escapa una risita traviesa, sus ojos desbordan felicidad.<\/p>\n<p style=\"text-align: justify;\">Subidos en un taxi, se desplazan hacia el Hospital General. Durante el viaje, Noelia habla de manera atropellada sobre cosas que va recordando de las fotos, dirigi\u00e9ndose con la mirada, alternativamente, a su padre, que se muestra relajado, y a su abuelo, que se avista ausente.<\/p>\n<p style=\"text-align: justify;\">Al llegar al hospital les informan de que Laura sigue progresando en su recuperaci\u00f3n, tras salir del coma, y de que ha recuperado el habla por completo.<\/p>\n<p style=\"text-align: justify;\">\u2014Samuel, por favor, entra primero t\u00fa con Noelia. En tus manos dejo la decisi\u00f3n de que sepa que estoy aqu\u00ed o no. Esperar\u00e9 dando paseos por este pasillo hasta que me digas algo.<\/p>\n<p style=\"text-align: justify;\">Pasados veinte minutos, Noelia se asoma a la entrada de la habitaci\u00f3n; parece desorientada y mira de un lado hacia otro del pasillo. Localiza a su abuelo. Se dirige hacia \u00e9l, despacio y sin decir ni una palabra, mostr\u00e1ndose vergonzosa ante la expectante mirada de su ahora empalidecido abuelo. Cuando se encuentra junto a \u00e9l, el rostro de Noelia se ilumina.\u00a0 Con una amplia sonrisa, le coge una mano. Entre resbalones, tira de \u00e9l con todas sus fuerzas en direcci\u00f3n a la habitaci\u00f3n donde se encuentra Laura.<\/p>\n<p>&nbsp;<\/p>\n<p>&nbsp;<\/p>\n","protected":false},"excerpt":{"rendered":"<p>\u2014\u00a1Pero qu\u00e9 sorpresa! \u00bfQui\u00e9n se parece much\u00edsimo a mam\u00e1 cuando era peque\u00f1a? \u2014Yo, pap\u00e1\u2026 Pero ella tiene el pelo amarillo y muy liso, y yo lo tengo muy negro, \u00a1y rizado, rizado! \u2014T\u00fa lo tienes como yo, cielo. Pero, \u00bfy ese gesto?, \u00bfy esa pose? Esa zalamer\u00eda cuando hay una&#8230;<\/p>\n<p> <a class=\"continue-reading-link\" href=\"https:\/\/canal-literatura.com\/xcertamen\/?p=560\"><span>Leer m\u00e1s..<\/span><i class=\"crycon-right-dir\"><\/i><\/a> <\/p>\n","protected":false},"author":4,"featured_media":0,"comment_status":"open","ping_status":"open","sticky":false,"template":"","format":"standard","meta":{"ngg_post_thumbnail":0,"footnotes":""},"categories":[264,198],"tags":[21,199,212,211],"class_list":["post-560","post","type-post","status-publish","format-standard","hentry","category-laura-cabedo-cabo-ganadora-del-premio-especial-historias-de-reconciliacion-2014","category-p-e-reconciliacion","tag-21","tag-premio-especial-reconciliacion","tag-prosa","tag-tan-pequeno"],"_links":{"self":[{"href":"https:\/\/canal-literatura.com\/xcertamen\/index.php?rest_route=\/wp\/v2\/posts\/560","targetHints":{"allow":["GET"]}}],"collection":[{"href":"https:\/\/canal-literatura.com\/xcertamen\/index.php?rest_route=\/wp\/v2\/posts"}],"about":[{"href":"https:\/\/canal-literatura.com\/xcertamen\/index.php?rest_route=\/wp\/v2\/types\/post"}],"author":[{"embeddable":true,"href":"https:\/\/canal-literatura.com\/xcertamen\/index.php?rest_route=\/wp\/v2\/users\/4"}],"replies":[{"embeddable":true,"href":"https:\/\/canal-literatura.com\/xcertamen\/index.php?rest_route=%2Fwp%2Fv2%2Fcomments&post=560"}],"version-history":[{"count":0,"href":"https:\/\/canal-literatura.com\/xcertamen\/index.php?rest_route=\/wp\/v2\/posts\/560\/revisions"}],"wp:attachment":[{"href":"https:\/\/canal-literatura.com\/xcertamen\/index.php?rest_route=%2Fwp%2Fv2%2Fmedia&parent=560"}],"wp:term":[{"taxonomy":"category","embeddable":true,"href":"https:\/\/canal-literatura.com\/xcertamen\/index.php?rest_route=%2Fwp%2Fv2%2Fcategories&post=560"},{"taxonomy":"post_tag","embeddable":true,"href":"https:\/\/canal-literatura.com\/xcertamen\/index.php?rest_route=%2Fwp%2Fv2%2Ftags&post=560"}],"curies":[{"name":"wp","href":"https:\/\/api.w.org\/{rel}","templated":true}]}}