
{"id":576,"date":"2014-06-01T21:00:04","date_gmt":"2014-06-01T19:00:04","guid":{"rendered":"http:\/\/canal-literatura.com\/xcertamen\/?p=576"},"modified":"2014-06-03T01:11:21","modified_gmt":"2014-06-02T23:11:21","slug":"pe-no3-cumpleanos-por-frater","status":"publish","type":"post","link":"https:\/\/canal-literatura.com\/xcertamen\/?p=576","title":{"rendered":"PE-N\u00ba3- Cumplea\u00f1os. Por Frater"},"content":{"rendered":"<p><img loading=\"lazy\" decoding=\"async\" class=\"aligncenter  wp-image-512\" src=\"http:\/\/canal-literatura.com\/xcertamen\/files\/2014\/05\/banner468x61.jpg\" alt=\"banner468x61\" width=\"272\" height=\"36\" srcset=\"https:\/\/canal-literatura.com\/xcertamen\/files\/2014\/05\/banner468x61.jpg 468w, https:\/\/canal-literatura.com\/xcertamen\/files\/2014\/05\/banner468x61-300x39.jpg 300w\" sizes=\"auto, (max-width: 272px) 100vw, 272px\" \/><\/p>\n<p style=\"text-align: justify;\">\u00a0 \u00a0 \u00a0 \u00a0 \u00a0 \u00a0 El sexto cumplea\u00f1os de mi hijo cay\u00f3 en s\u00e1bado, por lo cual se encontraba conmigo. Me levant\u00e9 bien temprano para prepararle una sorpresa. Cuando se despert\u00f3, la sala se hallaba decorada con globos; m\u00e1s bien estaba repleta de ellos. Sus diferentes tonalidades sumadas a los rayos de sol, que entraban por la ventana, recreaban un mundo de fantas\u00eda.Por lo menos a m\u00ed me lo pareci\u00f3. Al conocer su devoci\u00f3n por la pel\u00edcula <em>Cars<\/em> y su amor por el personaje central, la tarta que le compr\u00e9 ten\u00eda la forma y colores de <em>Rayo Mcqueen<\/em>. Se puso muy contento con la fiesta ma\u00f1anera que le hab\u00eda organizado; re\u00eda y se tiraba sobre las monta\u00f1as de globos. Yo lo observaba, seguramente con una sonrisa boba en mi cara, y comenc\u00e9 a tomarle fotograf\u00edas.<!--more--><\/p>\n<p style=\"text-align: justify;\">\u00a0 \u00a0 \u00a0 \u00a0 \u00a0 \u00a0 Despu\u00e9s de nuestra peque\u00f1a parranda en pijama nos duchamos y nos vestimos apropiadamente para salir de paseo. No le expliqu\u00e9 a d\u00f3nde \u00edbamos. A medida que nos acerc\u00e1bamos a\u00a0 la tienda de p\u00e1jaros el coraz\u00f3n me lat\u00eda con mayor rapidez. Seguro que a mi hijo le gustar\u00eda m\u00e1s ese regalo que cualquier artefacto con control remoto; adem\u00e1s, \u00e9l mismo me hab\u00eda dicho que lo deseaba. No deb\u00eda competir con su madre. Estaba mal hacerlo y tampoco pod\u00eda: ella contaba con mayores recursos econ\u00f3micos. Cuando Santiago vio el escaparate del comercio, su rostro era la estampa de la alegr\u00eda. Con la voz llena de esperanza pregunt\u00f3: \u201c\u00bfMe lo vas a comprar papi? \u00bfVerdad que s\u00ed?\u201d Mi cara debi\u00f3 te\u00f1irse de granate, pues me ard\u00eda de pura felicidad. Le contest\u00e9 que tendr\u00eda el que m\u00e1s le gustara. Todas las aves eran bellas y sus colores brindaban una fiesta para los ojos, pero Santiago se entristeci\u00f3 hasta llegar al llanto. Me dijo que nunca se hab\u00eda dado cuenta de que los p\u00e1jaros estaban presos. Yo trat\u00e9 de consolarlo explic\u00e1ndole que eran de criadero y que no pod\u00edan sobrevivir en libertad. Rogaba porque mis palabras coincidieran con los hechos. Entonces se nos acerc\u00f3 un vendedor y ratific\u00f3 lo expresado por m\u00ed. Di gracias al cielo por ello. Le contamos que dese\u00e1bamos un perico y nos convenci\u00f3 de que lo mejor era llevar una pareja. Al estar un macho y una hembra juntos se sent\u00edan felices y la jaula se convert\u00eda en su nido. No supe si estaba hablando en serio o s\u00f3lo lo dec\u00eda por aplacar los llantos de un ni\u00f1o, que vio una realidad en la que pocas veces se piensa.<\/p>\n<p style=\"text-align: justify;\">\u00a0 \u00a0 \u00a0 \u00a0 \u00a0 \u00a0 Entramos a nuestro hogar y pusimos la nueva casa de los pericos sobre un mueble. Nos sentamos a observar a la pareja. Se hac\u00edan caricias frotando las cabezas y juntaban los picos. Santiago salt\u00f3 del asiento diciendo que se daban besos de lengua. Y es que en verdad la lengua de uno penetraba en la boca del otro. Yo pens\u00e9 que buscaban restos de comida, pero call\u00e9 y segu\u00ed disfrutando de la alegr\u00eda de mi hijo. De pronto se trenzaron en dura pelea. Gritaban y se daban sendos picotazos. Santiago comenz\u00f3 a llorar con desconsuelo; lo tom\u00e9 en brazos y lo acun\u00e9 como a un beb\u00e9. Los p\u00e1jaros se calmaron y volvieron a acariciarse. Le dije que ya se les hab\u00eda pasado el enfado. Al ver que ten\u00eda raz\u00f3n, el llanto fue a menos. Despu\u00e9s me mir\u00f3 y sent\u00ed que me juzgaba. \u201cSon igual que mam\u00e1 y t\u00fa peleando\u201d, afirm\u00f3 a\u00fan entre sollozos. Lo abrac\u00e9 con fuerza y le promet\u00ed que no volver\u00eda a discutir con su madre. Cuando se le pas\u00f3 el disgusto se qued\u00f3 dormido. Entonces lo recost\u00e9 sobre la cama cubri\u00e9ndolo con una manta y me arm\u00e9 de coraje para cumplir con mi palabra.<\/p>\n<p style=\"text-align: justify;\">\u00a0 \u00a0 \u00a0 \u00a0 \u00a0 \u00a0 Llam\u00e9 a mi ex esposa para contarle lo que hab\u00eda sucedido con Santiago y juntos reflexionamos sobre nuestro comportamiento. No pod\u00edamos provocar un solo malestar m\u00e1s en \u00e9l. Reconoc\u00ed mis errores y le ped\u00ed perd\u00f3n. Ella, despu\u00e9s de unos segundos, me dijo que la culpa radicaba en ambos. Sab\u00edamos que como pareja no hab\u00eda vuelta atr\u00e1s, pero ser\u00eda necesario encontrar una nueva manera de vincularnos para hacer feliz a Santiago y coincidimos en que la amistad era la reina de las relaciones. De ah\u00ed en adelante tomamos ese camino.<\/p>\n<p>&nbsp;<\/p>\n<p>&nbsp;<\/p>\n","protected":false},"excerpt":{"rendered":"<p>\u00a0 \u00a0 \u00a0 \u00a0 \u00a0 \u00a0 El sexto cumplea\u00f1os de mi hijo cay\u00f3 en s\u00e1bado, por lo cual se encontraba conmigo. Me levant\u00e9 bien temprano para prepararle una sorpresa. Cuando se despert\u00f3, la sala se hallaba decorada con globos; m\u00e1s bien estaba repleta de ellos. Sus diferentes tonalidades sumadas a&#8230;<\/p>\n<p> <a class=\"continue-reading-link\" href=\"https:\/\/canal-literatura.com\/xcertamen\/?p=576\"><span>Leer m\u00e1s..<\/span><i class=\"crycon-right-dir\"><\/i><\/a> <\/p>\n","protected":false},"author":1,"featured_media":0,"comment_status":"open","ping_status":"open","sticky":false,"template":"","format":"standard","meta":{"ngg_post_thumbnail":0,"footnotes":""},"categories":[198],"tags":[216,217,199],"class_list":["post-576","post","type-post","status-publish","format-standard","hentry","category-p-e-reconciliacion","tag-cumpleanos","tag-frater","tag-premio-especial-reconciliacion"],"_links":{"self":[{"href":"https:\/\/canal-literatura.com\/xcertamen\/index.php?rest_route=\/wp\/v2\/posts\/576","targetHints":{"allow":["GET"]}}],"collection":[{"href":"https:\/\/canal-literatura.com\/xcertamen\/index.php?rest_route=\/wp\/v2\/posts"}],"about":[{"href":"https:\/\/canal-literatura.com\/xcertamen\/index.php?rest_route=\/wp\/v2\/types\/post"}],"author":[{"embeddable":true,"href":"https:\/\/canal-literatura.com\/xcertamen\/index.php?rest_route=\/wp\/v2\/users\/1"}],"replies":[{"embeddable":true,"href":"https:\/\/canal-literatura.com\/xcertamen\/index.php?rest_route=%2Fwp%2Fv2%2Fcomments&post=576"}],"version-history":[{"count":0,"href":"https:\/\/canal-literatura.com\/xcertamen\/index.php?rest_route=\/wp\/v2\/posts\/576\/revisions"}],"wp:attachment":[{"href":"https:\/\/canal-literatura.com\/xcertamen\/index.php?rest_route=%2Fwp%2Fv2%2Fmedia&parent=576"}],"wp:term":[{"taxonomy":"category","embeddable":true,"href":"https:\/\/canal-literatura.com\/xcertamen\/index.php?rest_route=%2Fwp%2Fv2%2Fcategories&post=576"},{"taxonomy":"post_tag","embeddable":true,"href":"https:\/\/canal-literatura.com\/xcertamen\/index.php?rest_route=%2Fwp%2Fv2%2Ftags&post=576"}],"curies":[{"name":"wp","href":"https:\/\/api.w.org\/{rel}","templated":true}]}}