
{"id":584,"date":"2014-06-10T14:32:52","date_gmt":"2014-06-10T12:32:52","guid":{"rendered":"http:\/\/canal-literatura.com\/xcertamen\/?p=584"},"modified":"2014-06-10T14:33:07","modified_gmt":"2014-06-10T12:33:07","slug":"ultimo-dia-para-la-segunda-ronda-de-votaciones-del-premio-del-publico","status":"publish","type":"post","link":"https:\/\/canal-literatura.com\/xcertamen\/?p=584","title":{"rendered":"\u00daltimo d\u00eda para la segunda ronda de votaciones del Premio del p\u00fablico."},"content":{"rendered":"<p><a href=\"http:\/\/canal-literatura.com\/xcertamen\/files\/2014\/01\/banner-xcertamen-468x61.jpg\"><img loading=\"lazy\" decoding=\"async\" class=\"aligncenter wp-image-51 \" src=\"http:\/\/canal-literatura.com\/xcertamen\/files\/2014\/01\/banner-xcertamen-468x61.jpg\" alt=\"banner-xcertamen-468x61\" width=\"422\" height=\"55\" srcset=\"https:\/\/canal-literatura.com\/xcertamen\/files\/2014\/01\/banner-xcertamen-468x61.jpg 468w, https:\/\/canal-literatura.com\/xcertamen\/files\/2014\/01\/banner-xcertamen-468x61-300x39.jpg 300w\" sizes=\"auto, (max-width: 422px) 100vw, 422px\" \/><\/a><\/p>\n<p>Hoy, d\u00eda <strong>10 de junio a las 23:59 hora espa\u00f1ola<\/strong> se cierra la segunda votaci\u00f3n para elegir al ganador del Premio Especial del P\u00fablico de esta d\u00e9cima edici\u00f3n del certamen de narrativa breve.<\/p>\n<p>Rogamos a todos los concursantes que lo deseen votar por sus relatos favoritos hasta la hora indicada.<\/p>\n<p style=\"text-align: center;\"><strong>\u00a1\u00a1Gracias a todos por participar, concursantes y lectores.!!<\/strong><\/p>\n","protected":false},"excerpt":{"rendered":"<p>Hoy, d\u00eda 10 de junio a las 23:59 hora espa\u00f1ola se cierra la segunda votaci\u00f3n para elegir al ganador del Premio Especial del P\u00fablico de esta d\u00e9cima edici\u00f3n del certamen de narrativa breve. Rogamos a todos los concursantes que lo deseen votar por sus relatos favoritos hasta la hora indicada&#8230;.<\/p>\n<p> <a class=\"continue-reading-link\" href=\"https:\/\/canal-literatura.com\/xcertamen\/?p=584\"><span>Leer m\u00e1s..<\/span><i class=\"crycon-right-dir\"><\/i><\/a> <\/p>\n","protected":false},"author":1,"featured_media":0,"comment_status":"open","ping_status":"open","sticky":false,"template":"","format":"standard","meta":{"ngg_post_thumbnail":0,"footnotes":""},"categories":[3],"tags":[207,196,17],"class_list":["post-584","post","type-post","status-publish","format-standard","hentry","category-noticias","tag-segunda-ronda","tag-votacion","tag-x-certamen-de-narrativa-breve"],"_links":{"self":[{"href":"https:\/\/canal-literatura.com\/xcertamen\/index.php?rest_route=\/wp\/v2\/posts\/584","targetHints":{"allow":["GET"]}}],"collection":[{"href":"https:\/\/canal-literatura.com\/xcertamen\/index.php?rest_route=\/wp\/v2\/posts"}],"about":[{"href":"https:\/\/canal-literatura.com\/xcertamen\/index.php?rest_route=\/wp\/v2\/types\/post"}],"author":[{"embeddable":true,"href":"https:\/\/canal-literatura.com\/xcertamen\/index.php?rest_route=\/wp\/v2\/users\/1"}],"replies":[{"embeddable":true,"href":"https:\/\/canal-literatura.com\/xcertamen\/index.php?rest_route=%2Fwp%2Fv2%2Fcomments&post=584"}],"version-history":[{"count":0,"href":"https:\/\/canal-literatura.com\/xcertamen\/index.php?rest_route=\/wp\/v2\/posts\/584\/revisions"}],"wp:attachment":[{"href":"https:\/\/canal-literatura.com\/xcertamen\/index.php?rest_route=%2Fwp%2Fv2%2Fmedia&parent=584"}],"wp:term":[{"taxonomy":"category","embeddable":true,"href":"https:\/\/canal-literatura.com\/xcertamen\/index.php?rest_route=%2Fwp%2Fv2%2Fcategories&post=584"},{"taxonomy":"post_tag","embeddable":true,"href":"https:\/\/canal-literatura.com\/xcertamen\/index.php?rest_route=%2Fwp%2Fv2%2Ftags&post=584"}],"curies":[{"name":"wp","href":"https:\/\/api.w.org\/{rel}","templated":true}]}}