
{"id":594,"date":"2014-06-11T18:28:50","date_gmt":"2014-06-11T16:28:50","guid":{"rendered":"http:\/\/canal-literatura.com\/xcertamen\/?p=594"},"modified":"2014-06-11T18:28:50","modified_gmt":"2014-06-11T16:28:50","slug":"pe-no6-el-arbol-de-la-sombra-oriol","status":"publish","type":"post","link":"https:\/\/canal-literatura.com\/xcertamen\/?p=594","title":{"rendered":"PE-N\u00ba6- El \u00c1rbol de la Sombra. Oriol"},"content":{"rendered":"<p><img loading=\"lazy\" decoding=\"async\" class=\"aligncenter  wp-image-512\" src=\"http:\/\/canal-literatura.com\/xcertamen\/files\/2014\/05\/banner468x61.jpg\" alt=\"banner468x61\" width=\"272\" height=\"36\" srcset=\"https:\/\/canal-literatura.com\/xcertamen\/files\/2014\/05\/banner468x61.jpg 468w, https:\/\/canal-literatura.com\/xcertamen\/files\/2014\/05\/banner468x61-300x39.jpg 300w\" sizes=\"auto, (max-width: 272px) 100vw, 272px\" \/><\/p>\n<p>&nbsp;<\/p>\n<p style=\"text-align: justify;\">La Navidad fue la culpable de mi separaci\u00f3n con Nerea, quiz\u00e1s sea esta la raz\u00f3n por lo que no quiero estas fiestas. Adem\u00e1s, mientras las bolsas g\u00e1stricas de los mayores se preparan para recibir los suculentos manjares ba\u00f1ados por los caldos del dios Baco, los Magos de Oriente, cada vez se detienen menos en su itinerario y si lo hacen dejan menos de lo solicitado.<\/p>\n<p><!--more--><\/p>\n<p>La conoc\u00ed a comienzo de curso y su rostro qued\u00f3 impreso en mi mente el d\u00eda que fuimos presentados por la profesora. Estoy contento por su regreso de Guip\u00fazcoa, sus padres aprovechan estas peque\u00f1as vacaciones para visitar sus or\u00edgenes en Euskadi.<br \/>\nHe disfrutado de trece primaveras. Perd\u00f3n\u2026! Mi nombre es Ignacio, la familia y la gente cercana me llama Nacho. Nunca entend\u00ed porqu\u00e9 mis padres se preocuparon en buscar este nombre para luego disminuirlo.<\/p>\n<p>Paseando a la salia de clase por los alrededores del pueblo, determinamos colocar nuestros cuerpos en dec\u00fabito supino a la sombra de un cedro, que bautizamos con el nombre \u201cEl \u00c1rbol de la Sombra\u201d. Fue nuestro mejor aliado, conocedor de nuestras emociones y seguidor de los dictados de nuestras entretelas. Cada vez que nos cit\u00e1bamos lo hac\u00edamos en este lugar y cogidos de la mano \u00e9ramos cobijados bajo su sombra.<\/p>\n<p>De forma repentina fuimos succionados por uno de los t\u00faneles que forma el entramado de ramas y hojas de su copa, haci\u00e9ndonos penetrar a trav\u00e9s de la puerta de cristal del hogar de los dioses. Notamos como peque\u00f1os seres revoloteaban alrededor de nuestras cabezas y con sus aleteos acercaban nuestros labios hasta hacerlo fundir en un largo e interminable beso. Ahora, mas que nunca, nos interesaba volar y tomar altura con nuestras propias alas.. Era el tiempo para que Venus junto a Ceres realizaran la siembra del amor en nuestros corazones.<\/p>\n<p>Como esp\u00edritus celeste, fuimos descendiendo por el prodigioso t\u00fanel y tumbados en el verde pastizal del \u00c1rbol de la Sombra. Mi \u00f3rgano viril aun recio, me inquiet\u00f3 por esa expulsi\u00f3n de l\u00edquido viscoso blanquecino que manch\u00f3 mi calzoncillos. Era la primera vez que lo apreci\u00e9 y no debe ser malo por el relax que provoca. Esencia de amor, al menos nuestro \u00e1rbol y yo as\u00ed lo consideramos. Con ojos de espanto, Nerea se incorpor\u00f3 intranquila por la demora. Tem\u00eda al reproche de los padres inquietos por la tardanza.<\/p>\n<p>Son doce los a\u00f1os que cumpla. Su f\u00edsico hab\u00eda madurado pero su intelecto, a\u00fan de ni\u00f1a, reafirmaba la edad. Cierto que pensar en el regalo para el evento me resultaba laborioso. No dispon\u00eda de econom\u00eda, tendr\u00eda que sacarlo de mi corto ahorro y hacerlo a escondida de los mayores.<\/p>\n<p>Una terrible noche de viento y lluvia, seg\u00fan mi padre como no hab\u00edamos vivido en a\u00f1os, presagiaba la despedida del invierno para dar entrada a la primavera. Los rayos partieron \u00e1rboles y las furiosas r\u00e1fagas recorrian la calle moviendo letreros y derribando tiestos. En ese momento solo pensaba en el sufrimiento de nuestro amado \u00e1rbol.<\/p>\n<p>Despunt\u00f3 el d\u00eda y el sol iluminaba con todo su explendor aunque sus rayos no conseguian calentar. Primero visit\u00e9 a nuestro \u00e1rbol que se manten\u00eda erecto al cielo habitado por p\u00e1jaros que anuciaban \u00e9xitos y fortuna. Ce\u00f1\u00ed con mis brazos su tronco y mi mente se traslad\u00f3 a Nerea. La ruptura de una rama, ocasionada por la tempestad, se postraba en el pastizal donde nos tend\u00edamos. Era como si una parte de nosotros hubiese sido amputada. En el tiempo de su ausencia, elabor\u00e9 con ella un joyero, resurgiendo su madera como regalo de cumplea\u00f1os.<\/p>\n<p>El acercamiento nacido a la sombra del \u00e1rbol se distanci\u00f3. Los frecuentes encuentros dio paso a la ausencia. Fue una r\u00e9mora la espera del ma\u00f1ana abandonando mis obligaciones y solo con nuestro \u00e1rbol nos marchitamos.<\/p>\n<p>En la soledad, tendido a la sombra del cedro, vi la copa habitada por p\u00e1jaros negros que presagiaban desamor y destrucci\u00f3n y o\u00ed la voz del Olimpo que dec\u00eda:<\/p>\n<p>\u201cEl placer conllevan m\u00e1s dolores que deleites. Si dejas de esperar, dejaras de temer y encontrar\u00e1s el aut\u00e9ntico amor\u201d<\/p>\n<p>&nbsp;<br \/>\n&nbsp;<\/p>\n","protected":false},"excerpt":{"rendered":"<p>&nbsp; La Navidad fue la culpable de mi separaci\u00f3n con Nerea, quiz\u00e1s sea esta la raz\u00f3n por lo que no quiero estas fiestas. Adem\u00e1s, mientras las bolsas g\u00e1stricas de los mayores se preparan para recibir los suculentos manjares ba\u00f1ados por los caldos del dios Baco, los Magos de Oriente, cada&#8230;<\/p>\n<p> <a class=\"continue-reading-link\" href=\"https:\/\/canal-literatura.com\/xcertamen\/?p=594\"><span>Leer m\u00e1s..<\/span><i class=\"crycon-right-dir\"><\/i><\/a> <\/p>\n","protected":false},"author":1,"featured_media":0,"comment_status":"open","ping_status":"open","sticky":false,"template":"","format":"standard","meta":{"ngg_post_thumbnail":0,"footnotes":""},"categories":[198],"tags":[21,225,226,199],"class_list":["post-594","post","type-post","status-publish","format-standard","hentry","category-p-e-reconciliacion","tag-21","tag-el-arbol-de-la-sombra","tag-oriol","tag-premio-especial-reconciliacion"],"_links":{"self":[{"href":"https:\/\/canal-literatura.com\/xcertamen\/index.php?rest_route=\/wp\/v2\/posts\/594","targetHints":{"allow":["GET"]}}],"collection":[{"href":"https:\/\/canal-literatura.com\/xcertamen\/index.php?rest_route=\/wp\/v2\/posts"}],"about":[{"href":"https:\/\/canal-literatura.com\/xcertamen\/index.php?rest_route=\/wp\/v2\/types\/post"}],"author":[{"embeddable":true,"href":"https:\/\/canal-literatura.com\/xcertamen\/index.php?rest_route=\/wp\/v2\/users\/1"}],"replies":[{"embeddable":true,"href":"https:\/\/canal-literatura.com\/xcertamen\/index.php?rest_route=%2Fwp%2Fv2%2Fcomments&post=594"}],"version-history":[{"count":0,"href":"https:\/\/canal-literatura.com\/xcertamen\/index.php?rest_route=\/wp\/v2\/posts\/594\/revisions"}],"wp:attachment":[{"href":"https:\/\/canal-literatura.com\/xcertamen\/index.php?rest_route=%2Fwp%2Fv2%2Fmedia&parent=594"}],"wp:term":[{"taxonomy":"category","embeddable":true,"href":"https:\/\/canal-literatura.com\/xcertamen\/index.php?rest_route=%2Fwp%2Fv2%2Fcategories&post=594"},{"taxonomy":"post_tag","embeddable":true,"href":"https:\/\/canal-literatura.com\/xcertamen\/index.php?rest_route=%2Fwp%2Fv2%2Ftags&post=594"}],"curies":[{"name":"wp","href":"https:\/\/api.w.org\/{rel}","templated":true}]}}