
{"id":606,"date":"2014-06-14T11:16:44","date_gmt":"2014-06-14T09:16:44","guid":{"rendered":"http:\/\/canal-literatura.com\/xcertamen\/?p=606"},"modified":"2014-06-14T11:17:34","modified_gmt":"2014-06-14T09:17:34","slug":"resultado-de-la-votacion-del-premio-del-publico-2014","status":"publish","type":"post","link":"https:\/\/canal-literatura.com\/xcertamen\/?p=606","title":{"rendered":"Resultado de la votaci\u00f3n del premio del P\u00fablico 2014."},"content":{"rendered":"<p style=\"color: #555555;\"><a href=\"http:\/\/canal-literatura.com\/xcertamen\/files\/2014\/01\/banner-xcertamen-122x68.jpg\"><img loading=\"lazy\" decoding=\"async\" class=\"aligncenter wp-image-50 size-full\" src=\"http:\/\/canal-literatura.com\/xcertamen\/files\/2014\/01\/banner-xcertamen-122x68.jpg\" alt=\"X certamen de narrativa Breve\" width=\"122\" height=\"68\" \/><\/a><\/p>\n<p style=\"color: #555555;\">Cerrada la votaci\u00f3n del P\u00fablico y hecho el recuento de votos de la segunda ronda en la que s\u00f3lo pueden votar los concursantes el resultado ha sido el siguiente salvo error involuntario.<!--more--><\/p>\n<p style=\"color: #555555;\"><a style=\"font-weight: bold; color: #0074a2;\" href=\"http:\/\/canal-literatura.com\/xcertamen\/wp-admin\/post.php?post=324&amp;action=edit\">N\u00ba40- Milenka. Por Chacal<\/a>_______________________________14<\/p>\n<p style=\"color: #555555;\"><a style=\"font-weight: bold; color: #0074a2;\" href=\"http:\/\/canal-literatura.com\/xcertamen\/wp-admin\/post.php?post=341&amp;action=edit\">N\u00ba43- Distintos. Por Distinta<\/a>_____________________________13<\/p>\n<p style=\"color: #555555;\"><a style=\"font-weight: bold; color: #0074a2;\" href=\"http:\/\/canal-literatura.com\/xcertamen\/wp-admin\/post.php?post=423&amp;action=edit\">N\u00ba61- C\u00e1ncer de luna. Por Nana Jones<\/a>\u00a0 _____________________7<\/p>\n<p style=\"color: #555555;\"><a style=\"font-weight: bold; color: #0074a2;\" href=\"http:\/\/canal-literatura.com\/xcertamen\/wp-admin\/post.php?post=364&amp;action=edit\">N\u00ba47- Anael. Un \u00e1ngel en la noche. Por Fidelio<\/a>_______________7<\/p>\n<p style=\"color: #555555;\"><a style=\"font-weight: bold; color: #0074a2;\" href=\"http:\/\/canal-literatura.com\/xcertamen\/wp-admin\/post.php?post=140&amp;action=edit\">N\u00ba6- Una salida. Por Juno<\/a>________________________________5<\/p>\n<p style=\"color: #555555;\">A finales de este mes se dar\u00e1n a conocer los 10 finalistas del jurado y todos los datos del certamen.<\/p>\n<p style=\"color: #555555;\">Gracias a todos por participar.<\/p>\n<p style=\"color: #555555; text-align: center;\">_______________________________<\/p>\n","protected":false},"excerpt":{"rendered":"<p>Cerrada la votaci\u00f3n del P\u00fablico y hecho el recuento de votos de la segunda ronda en la que s\u00f3lo pueden votar los concursantes el resultado ha sido el siguiente salvo error involuntario.<\/p>\n<p> <a class=\"continue-reading-link\" href=\"https:\/\/canal-literatura.com\/xcertamen\/?p=606\"><span>Leer m\u00e1s..<\/span><i class=\"crycon-right-dir\"><\/i><\/a> <\/p>\n","protected":false},"author":4,"featured_media":0,"comment_status":"open","ping_status":"open","sticky":false,"template":"","format":"standard","meta":{"ngg_post_thumbnail":0,"footnotes":""},"categories":[3],"tags":[197,230,196,17],"class_list":["post-606","post","type-post","status-publish","format-standard","hentry","category-noticias","tag-premio-del-publico-2","tag-resultado","tag-votacion","tag-x-certamen-de-narrativa-breve"],"_links":{"self":[{"href":"https:\/\/canal-literatura.com\/xcertamen\/index.php?rest_route=\/wp\/v2\/posts\/606","targetHints":{"allow":["GET"]}}],"collection":[{"href":"https:\/\/canal-literatura.com\/xcertamen\/index.php?rest_route=\/wp\/v2\/posts"}],"about":[{"href":"https:\/\/canal-literatura.com\/xcertamen\/index.php?rest_route=\/wp\/v2\/types\/post"}],"author":[{"embeddable":true,"href":"https:\/\/canal-literatura.com\/xcertamen\/index.php?rest_route=\/wp\/v2\/users\/4"}],"replies":[{"embeddable":true,"href":"https:\/\/canal-literatura.com\/xcertamen\/index.php?rest_route=%2Fwp%2Fv2%2Fcomments&post=606"}],"version-history":[{"count":0,"href":"https:\/\/canal-literatura.com\/xcertamen\/index.php?rest_route=\/wp\/v2\/posts\/606\/revisions"}],"wp:attachment":[{"href":"https:\/\/canal-literatura.com\/xcertamen\/index.php?rest_route=%2Fwp%2Fv2%2Fmedia&parent=606"}],"wp:term":[{"taxonomy":"category","embeddable":true,"href":"https:\/\/canal-literatura.com\/xcertamen\/index.php?rest_route=%2Fwp%2Fv2%2Fcategories&post=606"},{"taxonomy":"post_tag","embeddable":true,"href":"https:\/\/canal-literatura.com\/xcertamen\/index.php?rest_route=%2Fwp%2Fv2%2Ftags&post=606"}],"curies":[{"name":"wp","href":"https:\/\/api.w.org\/{rel}","templated":true}]}}