
{"id":621,"date":"2014-06-23T13:11:39","date_gmt":"2014-06-23T11:11:39","guid":{"rendered":"http:\/\/canal-literatura.com\/xcertamen\/?p=621"},"modified":"2014-06-23T13:22:08","modified_gmt":"2014-06-23T11:22:08","slug":"antonio-marchal-sabater-ganador-del-premio-especial-del-publico-2014","status":"publish","type":"post","link":"https:\/\/canal-literatura.com\/xcertamen\/?p=621","title":{"rendered":"Antonio Marchal Sabater, ganador del Premio Especial del P\u00fablico 2014"},"content":{"rendered":"<h2 style=\"text-align: center;\">Antonio Marchal Sabater<\/h2>\n<p style=\"text-align: center;\">Murcia- Espa\u00f1a<\/p>\n<p><a href=\"http:\/\/canal-literatura.com\/xcertamen\/files\/2014\/06\/Antonio-Merchal-Sabater.jpg\"><img loading=\"lazy\" decoding=\"async\" class=\"aligncenter wp-image-622 size-full\" src=\"http:\/\/canal-literatura.com\/xcertamen\/files\/2014\/06\/Antonio-Merchal-Sabater.jpg\" alt=\"Antonio Marchal Sabater\" width=\"252\" height=\"300\" \/><\/a><\/p>\n<p style=\"text-align: center;\"><a style=\"font-weight: bold; color: #0074a2;\" href=\"http:\/\/canal-literatura.com\/xcertamen\/wp-admin\/post.php?post=324&amp;action=edit\">N\u00ba40- Milenka. Por Chacal<\/a><\/p>\n<p>\u00a0<a href=\"http:\/\/canal-literatura.com\/xcertamen\/files\/2014\/01\/banner-xcertamen-122x68.jpg\"><img loading=\"lazy\" decoding=\"async\" class=\"aligncenter size-full wp-image-50\" src=\"http:\/\/canal-literatura.com\/xcertamen\/files\/2014\/01\/banner-xcertamen-122x68.jpg\" alt=\"banner-xcertamen-122x68\" width=\"122\" height=\"68\" \/><\/a><\/p>\n<p style=\"text-align: justify;\"><!--more-->Nac\u00ed en Murcia el 6 de agosto de 1964, luego tengo 49 a\u00f1os. En mi\u00a0curr\u00edculo\u00a0cuento con algunos premios literarios, como el del certamen de micro-cr\u00edmenes de Falsaria 2012 y el 2\u00ba premio de relatos cortos organizado por el Ayuntamiento de Lorqu\u00ed (Murcia), dentro de la celebraci\u00f3n de la II Semana Cultural 2013 y he publicado dos novelas: \u00a0\u00abEl Valle de las Tormentas\u00bb y \u00abBajo la Cruz de Lorena. Sin embargo, en cuanto tuve referencia de su certamen me puse manos a la obra y escrib\u00ed mi relato porque me hac\u00eda ilusi\u00f3n tener un premio de su prestigiosa asociaci\u00f3n.<br \/>\nUna vez iniciado, \u00e9ste pas\u00f3 por varias fases. El primer borrador parec\u00eda m\u00e1s un libro de historia que un relato literario, y es que no encontraba la forma de novelar el sufrimiento de las personas que protagonizaron el Sitio de Stalingrado durante la II Guerra Mundial. Buscando documentaci\u00f3n hall\u00e9 un n\u00famero importante de testimonios de espa\u00f1oles que hab\u00edan estado all\u00ed, por desgracia en el lado opresor. Sin embargo ah\u00ed encontr\u00e9 el germen de la historia, pues no todos los hombres que se alistaron en la Divisi\u00f3n Azul ten\u00eda una fuerte componente ideol\u00f3gica. Muchos de ellos se alistaron buscando un dinero que aliviara la maltrecha econom\u00eda de los hogares espa\u00f1oles de la posguerra. J\u00f3venes que llegaron al frente con la experiencia de haber pasado mucho hambre y muchas necesidades, de ah\u00ed que se solidarizaran r\u00e1pidamente con la poblaci\u00f3n civil. Y qu\u00e9 mejor forma de solidarizarse que enamor\u00e1ndose. Durante la II Guerra Mundial muchos \u00a0soldados aliados encontraron en Europa el amor de su vida. \u00bfPor qu\u00e9 no lo iba a encontrar un soldado espa\u00f1ol en las estepar rusas?<\/p>\n","protected":false},"excerpt":{"rendered":"<p>Antonio Marchal Sabater Murcia- Espa\u00f1a N\u00ba40- Milenka. Por Chacal \u00a0<\/p>\n<p> <a class=\"continue-reading-link\" href=\"https:\/\/canal-literatura.com\/xcertamen\/?p=621\"><span>Leer m\u00e1s..<\/span><i class=\"crycon-right-dir\"><\/i><\/a> <\/p>\n","protected":false},"author":4,"featured_media":622,"comment_status":"open","ping_status":"open","sticky":false,"template":"","format":"standard","meta":{"ngg_post_thumbnail":0,"footnotes":""},"categories":[7],"tags":[21,113,237,112,197,17],"class_list":["post-621","post","type-post","status-publish","format-standard","has-post-thumbnail","hentry","category-premio-del-publico","tag-21","tag-chacal","tag-ganador","tag-milenka","tag-premio-del-publico-2","tag-x-certamen-de-narrativa-breve"],"_links":{"self":[{"href":"https:\/\/canal-literatura.com\/xcertamen\/index.php?rest_route=\/wp\/v2\/posts\/621","targetHints":{"allow":["GET"]}}],"collection":[{"href":"https:\/\/canal-literatura.com\/xcertamen\/index.php?rest_route=\/wp\/v2\/posts"}],"about":[{"href":"https:\/\/canal-literatura.com\/xcertamen\/index.php?rest_route=\/wp\/v2\/types\/post"}],"author":[{"embeddable":true,"href":"https:\/\/canal-literatura.com\/xcertamen\/index.php?rest_route=\/wp\/v2\/users\/4"}],"replies":[{"embeddable":true,"href":"https:\/\/canal-literatura.com\/xcertamen\/index.php?rest_route=%2Fwp%2Fv2%2Fcomments&post=621"}],"version-history":[{"count":0,"href":"https:\/\/canal-literatura.com\/xcertamen\/index.php?rest_route=\/wp\/v2\/posts\/621\/revisions"}],"wp:featuredmedia":[{"embeddable":true,"href":"https:\/\/canal-literatura.com\/xcertamen\/index.php?rest_route=\/wp\/v2\/media\/622"}],"wp:attachment":[{"href":"https:\/\/canal-literatura.com\/xcertamen\/index.php?rest_route=%2Fwp%2Fv2%2Fmedia&parent=621"}],"wp:term":[{"taxonomy":"category","embeddable":true,"href":"https:\/\/canal-literatura.com\/xcertamen\/index.php?rest_route=%2Fwp%2Fv2%2Fcategories&post=621"},{"taxonomy":"post_tag","embeddable":true,"href":"https:\/\/canal-literatura.com\/xcertamen\/index.php?rest_route=%2Fwp%2Fv2%2Ftags&post=621"}],"curies":[{"name":"wp","href":"https:\/\/api.w.org\/{rel}","templated":true}]}}