
{"id":630,"date":"2014-06-28T23:41:22","date_gmt":"2014-06-28T21:41:22","guid":{"rendered":"http:\/\/canal-literatura.com\/xcertamen\/?p=630"},"modified":"2014-09-22T12:02:12","modified_gmt":"2014-09-22T10:02:12","slug":"pe-no10-moisa-por-mar-mara","status":"publish","type":"post","link":"https:\/\/canal-literatura.com\/xcertamen\/?p=630","title":{"rendered":"PE-N\u00ba10- MOISA. Por Mar Mara"},"content":{"rendered":"<p><img loading=\"lazy\" decoding=\"async\" class=\"aligncenter  wp-image-512\" src=\"http:\/\/canal-literatura.com\/xcertamen\/files\/2014\/05\/banner468x61.jpg\" alt=\"banner468x61\" width=\"272\" height=\"36\" srcset=\"https:\/\/canal-literatura.com\/xcertamen\/files\/2014\/05\/banner468x61.jpg 468w, https:\/\/canal-literatura.com\/xcertamen\/files\/2014\/05\/banner468x61-300x39.jpg 300w\" sizes=\"auto, (max-width: 272px) 100vw, 272px\" \/><\/p>\n<p style=\"text-align: justify;\">&#8211; \u00a1Marijan, Laila!, \u00a1Volved aqu\u00ed ahora mismo!<\/p>\n<p style=\"text-align: justify;\">Moisa, sentada sobre el suelo de la estaci\u00f3n de Mostar, esboza un gesto severo hacia los ni\u00f1os consciente de que no les enga\u00f1a. \u00bfC\u00f3mo podr\u00eda hacerles m\u00e1s da\u00f1o del que ya les hace a diario la vida? Bastante llevan ya sufrido. Aun as\u00ed nunca se cansa de verles jugar y sonre\u00edr como si todo lo que ocurre a su alrededor resbalara sobre su piel dura y curtida.<!--more--><\/p>\n<p style=\"text-align: justify;\">Cuando al fin se acercan, les rega\u00f1a por quitarse los abrigos, olvidando que los ni\u00f1os jam\u00e1s tienen fr\u00edo. Cerca, pasa una pareja de soldados espa\u00f1oles -haciendo su patrulla- que la miran con disimulo y sonr\u00eden.<\/p>\n<p style=\"text-align: justify;\">&#8211; Menos mal que est\u00e1n estos aqu\u00ed, que si no\u2026<\/p>\n<p style=\"text-align: justify;\">Es guapa, Moisa, muy guapa, pero no lo sabe, o prefiere no saberlo. Tal vez porque esa belleza no le ha dado sino sinsabores y disgustos; primero por ser el objeto de deseo de demasiados hombres, luego porque esa misma cualidad la hizo diferente a las otras mujeres del Centro de detenci\u00f3n de Miljevina impidiendo que cumpliera su destino de muerte junto a ellas.<\/p>\n<p style=\"text-align: justify;\">FICHA<br \/>\nDjulic, Moisa nacida Bosnjiak el 18\/07\/1970 en Sarajevo<br \/>\nPadres: Desconocidos<br \/>\nCasada. Esposo: Djulic, Drazen,<br \/>\nNacionalidad: Bosnia,<br \/>\nReligi\u00f3n: musulmana<\/p>\n<p style=\"text-align: justify;\">Nota: Protegida por el camarada Milo Djulic. No maltratar.<\/p>\n<p style=\"text-align: justify;\">Por supuesto, esta protecci\u00f3n llevaba cosido un precio en su etiqueta: Se llama Marijan y tiene cuatro a\u00f1os.<br \/>\n\u2026<\/p>\n<p style=\"text-align: justify;\">La larga espera sumerge a Moisa en un let\u00e1rgico ensimismamiento que la lleva a otros tiempos m\u00e1s felices, antes de que empezara el final de todo. Vuelve a la biblioteca de Sarajevo, al rostro sereno de Drazen, a su primera vez juntos, a su olor\u2026 Luego todo vino rodado, como si las cosas no pudieran ser de otra manera: La conversi\u00f3n de Drazen, la boda por el rito musulm\u00e1n, los a\u00f1os felices, el embarazo, los ojos de Laila\u2026 y al fin el momento temido: Su viaje a Podgorani.<br \/>\nLa familia de Drazen pertenec\u00eda a la baja nobleza Serbia, Terratenientes que lo hab\u00edan perdido casi todo en pocos a\u00f1os: Primero el terror Ustacha de Pavelic, luego la venganza Chetnik, y finalmente las purgas de Tito. Pero conservaban el orgullo de sus antepasados, los vencedores del Kosovo y militaban en el m\u00e1s rancio nacionalismo serbio, siempre so\u00f1ando con una Gran Serbia imposible.<br \/>\nEl recibimiento no lleg\u00f3 ni a la categor\u00eda de cort\u00e9s. Tan s\u00f3lo Milo, el hermano peque\u00f1o, mostr\u00f3 un calculado inter\u00e9s por ella, te\u00f1ido de desprecio hacia su hermano.<br \/>\nEntonces fue cuando todo enloqueci\u00f3, todo. Ahora ellos est\u00e1n muertos, todos muertos, todos\u2026<\/p>\n<p style=\"text-align: justify;\">&#8211; \u00bfHola? \u00bfAlexandra? S\u00ed, soy Moisa. Estoy en Mostar con tus nietos\u2026<br \/>\nTe necesitan\u2026<br \/>\n\u2026<\/p>\n<p style=\"text-align: justify;\">Un bufido ag\u00f3nico anuncia la llegada del decr\u00e9pito tren. Moisa se levanta nerviosa y se dirige con los ni\u00f1os hacia los vagones. Entre un marasmo de cajas de cart\u00f3n, viejas maletas y muchas emociones, divisa el pelo alto, entrecano y orgulloso \u2013inconfundible- de Alexandra, su suegra por partida doble. Llevan cinco a\u00f1os sin verse y se observan en silencio busc\u00e1ndose la una en la otra. Ambas han cambiado, ambas han bajado a los infiernos para resurgir con el alma lacerada, pero se reconocen como parte de una estirpe de mujeres que les une m\u00e1s all\u00e1 de los genes. No hay llantos, no hay reproches, tampoco besos ni gestos excesivos. A trav\u00e9s de la mirada se comprenden y, en silencio, se erigen en las firmantes secretas de un pacto de futuro, c\u00f3mplices en la esperanza, garantes de una paz que rompa con la historia.<\/p>\n<p style=\"text-align: justify;\">&#8211; \u201cMarijan, Laila\u2026 dad un beso a vuestra abuela\u2026\u201d.<\/p>\n<p style=\"text-align: justify;\">Despu\u00e9s, cada una con un ni\u00f1o de la mano y enlazadas por sus brazos, emprenden el lento camino a Podgorani, hacia lo poco que quede de la vieja granja familiar. S\u00f3lo se tienen la una a la otra en el mundo; Alexandra, serbia ortodoxa, Moisa, bosnia musulmana. Ambas han perdido demasiado en esta guerra odiosa, pero saben que se necesitan.<br \/>\nTal vez esto sea lo que llaman reconciliaci\u00f3n, o acaso simple sentido com\u00fan pero, desde la tierra de sus antepasados, luchar\u00e1n por sobrevivir y rezar\u00e1n -cada una a su Dios- para que ni Marijan ni Laila, tengan que enfrentar jam\u00e1s otro hurac\u00e1n de odio o el punzante rencor nacido de una bala.<\/p>\n<p>&nbsp;<\/p>\n<p>&nbsp;<\/p>\n","protected":false},"excerpt":{"rendered":"<p>&#8211; \u00a1Marijan, Laila!, \u00a1Volved aqu\u00ed ahora mismo! Moisa, sentada sobre el suelo de la estaci\u00f3n de Mostar, esboza un gesto severo hacia los ni\u00f1os consciente de que no les enga\u00f1a. \u00bfC\u00f3mo podr\u00eda hacerles m\u00e1s da\u00f1o del que ya les hace a diario la vida? Bastante llevan ya sufrido. Aun as\u00ed&#8230;<\/p>\n<p> <a class=\"continue-reading-link\" href=\"https:\/\/canal-literatura.com\/xcertamen\/?p=630\"><span>Leer m\u00e1s..<\/span><i class=\"crycon-right-dir\"><\/i><\/a> <\/p>\n","protected":false},"author":4,"featured_media":0,"comment_status":"open","ping_status":"open","sticky":false,"template":"","format":"standard","meta":{"ngg_post_thumbnail":0,"footnotes":""},"categories":[264,198],"tags":[21,239,238,199],"class_list":["post-630","post","type-post","status-publish","format-standard","hentry","category-laura-cabedo-cabo-ganadora-del-premio-especial-historias-de-reconciliacion-2014","category-p-e-reconciliacion","tag-21","tag-mar-mara","tag-moisa","tag-premio-especial-reconciliacion"],"_links":{"self":[{"href":"https:\/\/canal-literatura.com\/xcertamen\/index.php?rest_route=\/wp\/v2\/posts\/630","targetHints":{"allow":["GET"]}}],"collection":[{"href":"https:\/\/canal-literatura.com\/xcertamen\/index.php?rest_route=\/wp\/v2\/posts"}],"about":[{"href":"https:\/\/canal-literatura.com\/xcertamen\/index.php?rest_route=\/wp\/v2\/types\/post"}],"author":[{"embeddable":true,"href":"https:\/\/canal-literatura.com\/xcertamen\/index.php?rest_route=\/wp\/v2\/users\/4"}],"replies":[{"embeddable":true,"href":"https:\/\/canal-literatura.com\/xcertamen\/index.php?rest_route=%2Fwp%2Fv2%2Fcomments&post=630"}],"version-history":[{"count":0,"href":"https:\/\/canal-literatura.com\/xcertamen\/index.php?rest_route=\/wp\/v2\/posts\/630\/revisions"}],"wp:attachment":[{"href":"https:\/\/canal-literatura.com\/xcertamen\/index.php?rest_route=%2Fwp%2Fv2%2Fmedia&parent=630"}],"wp:term":[{"taxonomy":"category","embeddable":true,"href":"https:\/\/canal-literatura.com\/xcertamen\/index.php?rest_route=%2Fwp%2Fv2%2Fcategories&post=630"},{"taxonomy":"post_tag","embeddable":true,"href":"https:\/\/canal-literatura.com\/xcertamen\/index.php?rest_route=%2Fwp%2Fv2%2Ftags&post=630"}],"curies":[{"name":"wp","href":"https:\/\/api.w.org\/{rel}","templated":true}]}}