
{"id":632,"date":"2014-07-02T10:31:06","date_gmt":"2014-07-02T08:31:06","guid":{"rendered":"http:\/\/canal-literatura.com\/xcertamen\/?p=632"},"modified":"2014-07-06T09:31:02","modified_gmt":"2014-07-06T07:31:02","slug":"finalistas-del-jurado-del-x-certamen-de-narrativa-breve-2014","status":"publish","type":"post","link":"https:\/\/canal-literatura.com\/xcertamen\/?p=632","title":{"rendered":"Finalistas del jurado del X Certamen de Narrativa Breve 2014."},"content":{"rendered":"<p style=\"text-align: justify;\"><a href=\"http:\/\/canal-literatura.com\/xcertamen\/files\/2014\/01\/banner-xcertamen-122x68.jpg\"><img loading=\"lazy\" decoding=\"async\" class=\"aligncenter size-full wp-image-50\" src=\"http:\/\/canal-literatura.com\/xcertamen\/files\/2014\/01\/banner-xcertamen-122x68.jpg\" alt=\"banner-xcertamen-122x68\" width=\"122\" height=\"68\" \/><\/a>Entre los 75 relatos a concurso en esta d\u00e9cima edici\u00f3n del certamen de narrativa breve, el grupo lector ha dado a conocer los 10 seleccionados de los que saldr\u00e1n los tres ganadores que decidir\u00e1 el<a href=\"http:\/\/canal-literatura.com\/xcertamen\/jurado\/\" target=\"_blank\"> jurado<\/a> compuesto <strong>Jos\u00e9 Belmonte Serrano, Pau P\u00e9rez L\u00f3pez, Ana M\u00aa Tom\u00e1s Olivares, Julia Mu\u00f1oz Ripoll y Elena Marqu\u00e9s N\u00fa\u00f1ez<\/strong> y presidido por escritora y acad\u00e9mica de la lengua <strong>Carmen Riera<\/strong>.<\/p>\n<p>Los 10 finalistas son los listados a continuaci\u00f3n por n\u00famero de relato:<\/p>\n<p>&nbsp;<\/p>\n<p style=\"color: #555555;\"><span style=\"color: #000000;\"><strong style=\"font-weight: bold;\"><span style=\"color: #000000;\">N\u00ba9- La Taberna Fundadores. Por Earvin<\/span><\/strong><\/span><\/p>\n<p style=\"color: #555555;\"><span style=\"color: #000000;\"><strong style=\"font-weight: bold;\"><span style=\"color: #000000;\">N\u00ba16- Mi pez y yo. Por Bogardilla<\/span><\/strong><\/span><\/p>\n<p style=\"color: #555555;\"><span style=\"color: #000000;\"><strong style=\"font-weight: bold;\"><span style=\"color: #000000;\">N\u00ba28- El sue\u00f1o de una ma\u00f1ana de oto\u00f1o. Por Anaconda<\/span><\/strong><\/span><\/p>\n<p style=\"color: #555555;\"><span style=\"color: #000000;\"><strong style=\"font-weight: bold;\"><span style=\"color: #000000;\">N\u00ba29 \u2013 El coronel no tiene quien lo crea. Por Benito P<\/span><\/strong><\/span><\/p>\n<p style=\"color: #555555;\"><span style=\"color: #000000;\"><strong style=\"font-weight: bold;\"><span style=\"color: #000000;\">N\u00ba33- La \u00faltima cena. Por Hypatia<\/span><\/strong><\/span><\/p>\n<p style=\"color: #555555;\"><span style=\"color: #000000;\"><strong style=\"font-weight: bold;\"><span style=\"color: #000000;\">N\u00ba35-La Historia de un Trozo de Lechuga. Por Major Tom<\/span><\/strong><\/span><\/p>\n<p style=\"color: #555555;\"><span style=\"color: #000000;\"><strong style=\"font-weight: bold;\"><span style=\"color: #000000;\">N\u00ba43- Distintos. Por Distinta<\/span><\/strong><\/span><\/p>\n<p style=\"color: #555555;\"><span style=\"color: #000000;\"><strong style=\"font-weight: bold;\"><span style=\"color: #000000;\">N\u00ba61- C\u00e1ncer de luna. Por Nana Jones<\/span><\/strong><\/span><\/p>\n<p style=\"color: #555555;\"><span style=\"color: #000000;\"><strong style=\"font-weight: bold;\"><span style=\"color: #000000;\">N\u00ba68- Quince gramos de libertad. Por Leuk\u00e9<\/span><\/strong><\/span><\/p>\n<p style=\"color: #555555;\"><span style=\"color: #000000;\"><strong style=\"font-weight: bold;\"><span style=\"color: #000000;\">N\u00ba75- Los sue\u00f1os del farero. Por Petrarca<\/span><\/strong><\/span><\/p>\n<p><!--more--><\/p>\n<p>A todos ellos se les mandar\u00e1 un e-mail comunic\u00e1ndoles su selecci\u00f3n y, por otra parte, los textos originales escritos tal y como los mandaron sus autores, ser\u00e1n enviados al jurado.<\/p>\n<p>La fecha prevista en principio para el fallo del jurado y la entrega de premios de este a\u00f1o es el<strong>\u00a0s\u00e1bado 4 de octubre de 2014<\/strong> en Murcia. En esta fecha se dar\u00e1 a conocer los tres ganadores decididos por el jurado.<\/p>\n<p>&nbsp;<\/p>\n<p style=\"color: #555555; text-align: center;\"><strong><span style=\"color: #000000;\">\u00a1Enhorabuena a los 10 finalistas.!<\/span><\/strong><\/p>\n<p style=\"color: #555555;\"><span style=\"color: #000000;\">Desde aqu\u00ed agradecer a todos su ilusi\u00f3n por participar, comentar y sugerir.<\/span><br \/>\nLo m\u00e1s importante:\u00a0<strong style=\"font-weight: bold;\">Gracias a todos los concursantes por dejarnos leer vuestras historias.<\/strong><\/p>\n<p>&nbsp;<\/p>\n<p style=\"color: #555555;\"><span style=\"color: #000000;\">Datos que nos deja esta edici\u00f3n del certamen \u00a0a d\u00eda de hoy:<\/span><\/p>\n<p>&nbsp;<\/p>\n<p style=\"color: #555555;\"><span style=\"color: #000000;\"><strong style=\"font-weight: bold;\">Comentaristas Destacados:<\/strong><\/span><\/p>\n<p style=\"color: #555555;\"><span style=\"color: #000000;\">Comentarios aprobados:\u00a02.072<\/span><\/p>\n<p><span style=\"color: #000000;\">Furtiva\u00a0\u2026\u2026\u2026\u2026128 comentarios<\/span><br \/>\n<span style=\"color: #555555;\"> Gaia&#8230;&#8230;&#8230;&#8230;.\u2026113<\/span><br \/>\n<span style=\"color: #555555;\"> Juno&#8230;&#8230;&#8230;&#8230;&#8230;111<\/span><br \/>\n<span style=\"color: #000000;\">Duna\u00a0\u2026\u2026\u2026\u2026\u2026109<\/span><br \/>\n<span style=\"color: #000000;\">Anaconda&#8230;&#8230;..97<\/span><\/p>\n<p style=\"color: #555555;\"><span style=\"color: #000000;\">Relatos m\u00e1s visitados:<\/span><\/p>\n<p style=\"color: #555555;\">N\u00ba 10-Gaia:&#8230;&#8230;&#8230;&#8230;&#8230;&#8230;&#8230;..\u00a03.978\u00a0\u00a0visitas<br \/>\nN\u00ba 43-Distinta:&#8230;&#8230;&#8230;&#8230;&#8230;.. 3.572<br \/>\nn\u00ba 61-Nana JOnes&#8230;&#8230;&#8230;&#8230;. 3.472<br \/>\nN\u00ba 21- Furtiva&#8230;&#8230;&#8230;&#8230;&#8230;&#8230; 3.151<br \/>\nN\u00ba 40- Chacal:&#8230;&#8230;&#8230;&#8230;&#8230;&#8230; 2.679<br \/>\nN\u00ba 7 &#8211; Bronte:&#8230;&#8230;&#8230;&#8230;&#8230;&#8230;. 2.611<\/p>\n<p>&nbsp;<\/p>\n","protected":false},"excerpt":{"rendered":"<p>Entre los 75 relatos a concurso en esta d\u00e9cima edici\u00f3n del certamen de narrativa breve, el grupo lector ha dado a conocer los 10 seleccionados de los que saldr\u00e1n los tres ganadores que decidir\u00e1 el jurado compuesto Jos\u00e9 Belmonte Serrano, Pau P\u00e9rez L\u00f3pez, Ana M\u00aa Tom\u00e1s Olivares, Julia Mu\u00f1oz Ripoll&#8230;<\/p>\n<p> <a class=\"continue-reading-link\" href=\"https:\/\/canal-literatura.com\/xcertamen\/?p=632\"><span>Leer m\u00e1s..<\/span><i class=\"crycon-right-dir\"><\/i><\/a> <\/p>\n","protected":false},"author":4,"featured_media":0,"comment_status":"open","ping_status":"open","sticky":false,"template":"","format":"standard","meta":{"ngg_post_thumbnail":0,"footnotes":""},"categories":[3],"tags":[21,240,17],"class_list":["post-632","post","type-post","status-publish","format-standard","hentry","category-noticias","tag-21","tag-finalistas-del-jurado-2","tag-x-certamen-de-narrativa-breve"],"_links":{"self":[{"href":"https:\/\/canal-literatura.com\/xcertamen\/index.php?rest_route=\/wp\/v2\/posts\/632","targetHints":{"allow":["GET"]}}],"collection":[{"href":"https:\/\/canal-literatura.com\/xcertamen\/index.php?rest_route=\/wp\/v2\/posts"}],"about":[{"href":"https:\/\/canal-literatura.com\/xcertamen\/index.php?rest_route=\/wp\/v2\/types\/post"}],"author":[{"embeddable":true,"href":"https:\/\/canal-literatura.com\/xcertamen\/index.php?rest_route=\/wp\/v2\/users\/4"}],"replies":[{"embeddable":true,"href":"https:\/\/canal-literatura.com\/xcertamen\/index.php?rest_route=%2Fwp%2Fv2%2Fcomments&post=632"}],"version-history":[{"count":0,"href":"https:\/\/canal-literatura.com\/xcertamen\/index.php?rest_route=\/wp\/v2\/posts\/632\/revisions"}],"wp:attachment":[{"href":"https:\/\/canal-literatura.com\/xcertamen\/index.php?rest_route=%2Fwp%2Fv2%2Fmedia&parent=632"}],"wp:term":[{"taxonomy":"category","embeddable":true,"href":"https:\/\/canal-literatura.com\/xcertamen\/index.php?rest_route=%2Fwp%2Fv2%2Fcategories&post=632"},{"taxonomy":"post_tag","embeddable":true,"href":"https:\/\/canal-literatura.com\/xcertamen\/index.php?rest_route=%2Fwp%2Fv2%2Ftags&post=632"}],"curies":[{"name":"wp","href":"https:\/\/api.w.org\/{rel}","templated":true}]}}