
{"id":655,"date":"2014-07-06T11:22:05","date_gmt":"2014-07-06T09:22:05","guid":{"rendered":"http:\/\/canal-literatura.com\/xcertamen\/?p=655"},"modified":"2014-07-06T11:22:05","modified_gmt":"2014-07-06T09:22:05","slug":"plazo-de-envio-de-originales-para-el-premio-especial-historias-de-reconciliacion","status":"publish","type":"post","link":"https:\/\/canal-literatura.com\/xcertamen\/?p=655","title":{"rendered":"Plazo de env\u00edo de originales para el Premio Especial \u00abHistorias de Reconciliaci\u00f3n\u00bb"},"content":{"rendered":"<p><img decoding=\"async\" class=\"aligncenter  wp-image-512\" src=\"http:\/\/canal-literatura.com\/xcertamen\/files\/2014\/05\/banner468x61.jpg\" alt=\"banner468x61\" width=\"468\" srcset=\"https:\/\/canal-literatura.com\/xcertamen\/files\/2014\/05\/banner468x61.jpg 468w, https:\/\/canal-literatura.com\/xcertamen\/files\/2014\/05\/banner468x61-300x39.jpg 300w\" sizes=\"(max-width: 468px) 100vw, 468px\" \/><\/p>\n<p>Una vez conocida la fecha de la entrega de premios anual de \u00a0la Asociaci\u00f3n Canal Literatura,\u00a0<strong>el plazo de env\u00edo de originales del Premio Especial \u00abHistorias de Reconciliaci\u00f3n\u00bb estar\u00e1 abierto hasta el 15 de septiembre de 2014<\/strong>.<\/p>\n<p>Los finalistas se conocer\u00e1n 5 d\u00edas despu\u00e9s y el ganador se dar\u00e1 a conocer en la cena-gala de entrega de premios prevista para el <strong>s\u00e1bado d\u00eda 4 de octubre de 2014.<\/strong><\/p>\n<p style=\"text-align: justify;\">Los datos de la entrega de premios se ir\u00e1n anunciando en la web y redes sociales seg\u00fan se vayan cerrando los detalles. Esperamos que todos vosotros, no s\u00f3lo los finalistas, os anim\u00e9is asistir, a invitar a vuestros\u00a0amigos y familiares para compartir en Murcia esta cena entra\u00f1able, conocernos y compartir\u00a0impresiones con otros concursantes, jurados y amigos de este proyecto.<\/p>\n<p style=\"text-align: justify;\">Gracias por participar.<\/p>\n","protected":false},"excerpt":{"rendered":"<p>Una vez conocida la fecha de la entrega de premios anual de \u00a0la Asociaci\u00f3n Canal Literatura,\u00a0el plazo de env\u00edo de originales del Premio Especial \u00abHistorias de Reconciliaci\u00f3n\u00bb estar\u00e1 abierto hasta el 15 de septiembre de 2014. Los finalistas se conocer\u00e1n 5 d\u00edas despu\u00e9s y el ganador se dar\u00e1 a conocer&#8230;<\/p>\n<p> <a class=\"continue-reading-link\" href=\"https:\/\/canal-literatura.com\/xcertamen\/?p=655\"><span>Leer m\u00e1s..<\/span><i class=\"crycon-right-dir\"><\/i><\/a> <\/p>\n","protected":false},"author":4,"featured_media":0,"comment_status":"open","ping_status":"open","sticky":false,"template":"","format":"standard","meta":{"ngg_post_thumbnail":0,"footnotes":""},"categories":[198],"tags":[],"class_list":["post-655","post","type-post","status-publish","format-standard","hentry","category-p-e-reconciliacion"],"_links":{"self":[{"href":"https:\/\/canal-literatura.com\/xcertamen\/index.php?rest_route=\/wp\/v2\/posts\/655","targetHints":{"allow":["GET"]}}],"collection":[{"href":"https:\/\/canal-literatura.com\/xcertamen\/index.php?rest_route=\/wp\/v2\/posts"}],"about":[{"href":"https:\/\/canal-literatura.com\/xcertamen\/index.php?rest_route=\/wp\/v2\/types\/post"}],"author":[{"embeddable":true,"href":"https:\/\/canal-literatura.com\/xcertamen\/index.php?rest_route=\/wp\/v2\/users\/4"}],"replies":[{"embeddable":true,"href":"https:\/\/canal-literatura.com\/xcertamen\/index.php?rest_route=%2Fwp%2Fv2%2Fcomments&post=655"}],"version-history":[{"count":0,"href":"https:\/\/canal-literatura.com\/xcertamen\/index.php?rest_route=\/wp\/v2\/posts\/655\/revisions"}],"wp:attachment":[{"href":"https:\/\/canal-literatura.com\/xcertamen\/index.php?rest_route=%2Fwp%2Fv2%2Fmedia&parent=655"}],"wp:term":[{"taxonomy":"category","embeddable":true,"href":"https:\/\/canal-literatura.com\/xcertamen\/index.php?rest_route=%2Fwp%2Fv2%2Fcategories&post=655"},{"taxonomy":"post_tag","embeddable":true,"href":"https:\/\/canal-literatura.com\/xcertamen\/index.php?rest_route=%2Fwp%2Fv2%2Ftags&post=655"}],"curies":[{"name":"wp","href":"https:\/\/api.w.org\/{rel}","templated":true}]}}