
{"id":684,"date":"2014-07-17T09:41:14","date_gmt":"2014-07-17T07:41:14","guid":{"rendered":"http:\/\/canal-literatura.com\/xcertamen\/?p=684"},"modified":"2014-07-17T23:07:27","modified_gmt":"2014-07-17T21:07:27","slug":"ya-conocemos-los-rostros-de-los-finalistas-del-x-certamen-de-narrativa-breve-2014","status":"publish","type":"post","link":"https:\/\/canal-literatura.com\/xcertamen\/?p=684","title":{"rendered":"Ya conocemos los rostros de los finalistas del X certamen de Narrativa Breve 2014."},"content":{"rendered":"<p><a href=\"http:\/\/canal-literatura.com\/xcertamen\/finalistas\/\" target=\"_blank\"><img loading=\"lazy\" decoding=\"async\" class=\"aligncenter size-full wp-image-685\" src=\"http:\/\/canal-literatura.com\/xcertamen\/files\/2014\/07\/finalistas-500-2.jpg\" alt=\"finalistas-500-2\" width=\"500\" height=\"236\" srcset=\"https:\/\/canal-literatura.com\/xcertamen\/files\/2014\/07\/finalistas-500-2.jpg 500w, https:\/\/canal-literatura.com\/xcertamen\/files\/2014\/07\/finalistas-500-2-300x141.jpg 300w\" sizes=\"auto, (max-width: 500px) 100vw, 500px\" \/><\/a><\/p>\n<p>&nbsp;<\/p>\n<p style=\"text-align: justify;\">Ya conocemos\u00a0los diez finalistas que optan\u00a0 los tres premios del X certamen de Narrativa Breve, sus rostros e impresiones. De los 75 \u00a0relatos concursantes, los finalistas enviaron sus trabajos desde Colombia, Argentina, Madrid, \u00a0Barcelona, La Coru\u00f1a, Logro\u00f1o, Zaragoza, Gij\u00f3n y Murcia.<!--more--><\/p>\n<p style=\"text-align: justify;\">El fallo definitivo del jurado, presidido por la escritora \u00a0y acad\u00e9mica de la Lengua <strong>Carmen Riera<\/strong>, se conocer\u00e1\u00a0 tras la reuni\u00f3n prevista con el resto de los miembros del mismo \u00a0compuesto por <strong>Jos\u00e9 Belmonte Serrano, Ana M\u00aa Tom\u00e1s, Julia Mu\u00f1oz Ripoll , Elena Marqu\u00e9s y Pau P\u00e9rez L\u00f3pez<\/strong> el <strong>d\u00eda\u00a0 4 de octubre de 2014<\/strong> antes de la cena entrega de premios.<\/p>\n<p style=\"text-align: justify;\">\u00a0 Como es habitual se conocer\u00e1n\u00a0 igualmente los ganadores del <strong><a href=\"http:\/\/canal-literatura.com\/apoesia8\/finalistas\/\" target=\"_blank\">VIII Certamen \u201cPoemas sin Rostro\u201d<\/a>\u00a0 <\/strong>cuyo jurado est\u00e1 formado por la poeta murciana \u00a0<strong>Inma Pelegr\u00edn \u00a0<\/strong>y el poeta argentino<strong> Marcelo Galliano <\/strong>(que fue segundo premio en la edici\u00f3n del 2011)<strong>. <\/strong>\u00a0A la entrega de premios asistir\u00e1n poetas como <strong>Raquel Lanseros y Vicente Gallego<\/strong>. \u00a0Tambi\u00e9n se dar\u00e1 a conocer el ganador del <strong><a href=\"http:\/\/canal-literatura.com\/xcertamen\/category\/p-e-reconciliacion\/\" target=\"_blank\">Premio Especial \u201cHistorias de Reconciliaci\u00f3n<\/a>\u201d<\/strong>, actualmente en curso, cuyo jurado est\u00e1 compuesto por las escritoras<strong>, Yolanda S\u00e1enz de Tejada y Mati Morata.<\/strong><\/p>\n<p style=\"text-align: justify;\"><strong>Finalistas:<\/strong><\/p>\n<p><strong>Ricardo Aller Hern\u00e1ndez\u00a0\u00a0\u00a0 (Murcia \u2013 Espa\u00f1a)<\/strong><\/p>\n<p><strong>Cristina Cifuentes Bayo\u00a0 (Zaragoza \u2013 Espa\u00f1a)<\/strong><\/p>\n<p><strong>Ra\u00fal Mart\u00edn Rivera\u00a0\u00a0 (Posadas \u2013 Argentina)<\/strong><\/p>\n<p><strong>Jos\u00e9 Luis Garc\u00eda Teijeiro\u00a0 (La Coru\u00f1a \u2013Espa\u00f1a)<\/strong><\/p>\n<p><strong>Jos\u00e9 Carlos Gonz\u00e1lez Sebasti\u00e1n\u00a0 (Barcelona \u2013 Espa\u00f1a)<\/strong><\/p>\n<p><strong>Gillian Clarke\u00a0 (Logro\u00f1o \u2013 Espa\u00f1a)<\/strong><\/p>\n<p><strong>\u00a0Carlos Garrido Rubio\u00a0 (Madrid \u2013 Espa\u00f1a)<\/strong><\/p>\n<p><strong>Mar\u00eda Emilia Picco\u00a0\u00a0 (C\u00f3rdoba \u2013 Argentina)<\/strong><\/p>\n<p><strong>Blanca Garc\u00eda Malanda\u00a0\u00a0 (Rivas-Vaciamadrid \u2013 Madrid- Espa\u00f1a)<\/strong><\/p>\n<p><strong>Gervasio Alegria Mellado\u00a0 (Gij\u00f3n \u2013 Asturias- Espa\u00f1a)<\/strong><\/p>\n<p>&nbsp;<\/p>\n<p><span style=\"color: #555555;\">Se\u00f1alar que\u00a0<strong style=\"color: #333333;\">Cristina Cifuentes Bayo<\/strong><\/span><span style=\"color: #555555;\">, ha conseguido estar entre los finalistas de dos cert\u00e1menes, tanto en el certamen de poemas como en el de narrativa.<\/span><\/p>\n<p>&nbsp;<\/p>\n<p><span style=\"color: #555555;\">Pincha en la imagen para leer lo que han querido contarnos.<\/span><\/p>\n<p>Noticia en la\u00a0<a href=\"http:\/\/www.laverdad.es\/murcia\/culturas\/201407\/17\/finalistas-certamen-narrativa-breve-20140717101515.html\" target=\"_blank\"><img decoding=\"async\" src=\"http:\/\/www.canal-literatura.com\/themes\/3D-Fantasy\/images\/header\/logo_laverdad.gif\" alt=\"La Verdad.es\" \/><\/a><\/p>\n","protected":false},"excerpt":{"rendered":"<p>&nbsp; Ya conocemos\u00a0los diez finalistas que optan\u00a0 los tres premios del X certamen de Narrativa Breve, sus rostros e impresiones. De los 75 \u00a0relatos concursantes, los finalistas enviaron sus trabajos desde Colombia, Argentina, Madrid, \u00a0Barcelona, La Coru\u00f1a, Logro\u00f1o, Zaragoza, Gij\u00f3n y Murcia.<\/p>\n<p> <a class=\"continue-reading-link\" href=\"https:\/\/canal-literatura.com\/xcertamen\/?p=684\"><span>Leer m\u00e1s..<\/span><i class=\"crycon-right-dir\"><\/i><\/a> <\/p>\n","protected":false},"author":4,"featured_media":0,"comment_status":"open","ping_status":"open","sticky":false,"template":"","format":"standard","meta":{"ngg_post_thumbnail":0,"footnotes":""},"categories":[3],"tags":[21,244,17],"class_list":["post-684","post","type-post","status-publish","format-standard","hentry","category-noticias","tag-21","tag-finalistas","tag-x-certamen-de-narrativa-breve"],"_links":{"self":[{"href":"https:\/\/canal-literatura.com\/xcertamen\/index.php?rest_route=\/wp\/v2\/posts\/684","targetHints":{"allow":["GET"]}}],"collection":[{"href":"https:\/\/canal-literatura.com\/xcertamen\/index.php?rest_route=\/wp\/v2\/posts"}],"about":[{"href":"https:\/\/canal-literatura.com\/xcertamen\/index.php?rest_route=\/wp\/v2\/types\/post"}],"author":[{"embeddable":true,"href":"https:\/\/canal-literatura.com\/xcertamen\/index.php?rest_route=\/wp\/v2\/users\/4"}],"replies":[{"embeddable":true,"href":"https:\/\/canal-literatura.com\/xcertamen\/index.php?rest_route=%2Fwp%2Fv2%2Fcomments&post=684"}],"version-history":[{"count":0,"href":"https:\/\/canal-literatura.com\/xcertamen\/index.php?rest_route=\/wp\/v2\/posts\/684\/revisions"}],"wp:attachment":[{"href":"https:\/\/canal-literatura.com\/xcertamen\/index.php?rest_route=%2Fwp%2Fv2%2Fmedia&parent=684"}],"wp:term":[{"taxonomy":"category","embeddable":true,"href":"https:\/\/canal-literatura.com\/xcertamen\/index.php?rest_route=%2Fwp%2Fv2%2Fcategories&post=684"},{"taxonomy":"post_tag","embeddable":true,"href":"https:\/\/canal-literatura.com\/xcertamen\/index.php?rest_route=%2Fwp%2Fv2%2Ftags&post=684"}],"curies":[{"name":"wp","href":"https:\/\/api.w.org\/{rel}","templated":true}]}}