
{"id":716,"date":"2014-09-08T22:06:05","date_gmt":"2014-09-08T20:06:05","guid":{"rendered":"http:\/\/canal-literatura.com\/xcertamen\/?p=716"},"modified":"2014-09-08T22:06:05","modified_gmt":"2014-09-08T20:06:05","slug":"murcia-4-de-octubre-entrega-de-premios-2014","status":"publish","type":"post","link":"https:\/\/canal-literatura.com\/xcertamen\/?p=716","title":{"rendered":"Murcia, 4 De Octubre.Entrega De Premios 2014."},"content":{"rendered":"<p><img loading=\"lazy\" decoding=\"async\" class=\"aligncenter\" src=\"http:\/\/canal-literatura.com\/wp-content\/uploads\/2014\/09\/KDD2014-500-1.jpg\" alt=\"Entrega De Premios 2014. \" width=\"500\" height=\"222\" \/><\/p>\n<p>&nbsp;<\/p>\n<p style=\"color: #444444; text-align: justify;\">Estamos preparando ya la Cena-Entrega de premios de este a\u00f1o, en Murcia\u00a0<b>el 4 de octubre, s\u00e1bado.<\/b>\u00a0Reci\u00e9n llegados de vacaciones queremos dejaros los primeros datos de este a\u00f1o.<\/p>\n<p style=\"text-align: justify;\">Conoceremos los ganadores del\u00a0<a style=\"color: #000000;\" href=\"http:\/\/canal-literatura.com\/xcertamen\/\" target=\"_blank\">X\u00a0Certamen de Narrativa Breve<\/a>\u00a0, se entregar\u00e1n los premios del\u00a0<a style=\"color: #000000;\" href=\"http:\/\/canal-literatura.com\/apoesia8\/\" target=\"_blank\">VIII Certamen \u00abPoemas sin Rostro\u00bb<\/a>,\u00a0premios del p\u00fablico y el ganador del\u00a0<a style=\"color: #000000;\" href=\"http:\/\/canal-literatura.com\/xcertamen\/category\/p-e-reconciliacion\/\" target=\"_blank\">Premio Especial \u00abHistorias de Reconciliaci\u00f3n<\/a>\u00bb. Contaremos con la presencia de los \u00a0miembros de los distintos jurados y esperamos que todos vosotros que hab\u00e9is participado en cualquier \u00e1mbito del certamen veng\u00e1is a disfrutar de esta reuni\u00f3n amistosa tan especial y abierta a todos.<\/p>\n<p style=\"color: #444444;\"><a href=\"http:\/\/canal-literatura.com\/blog\/noticias\/entrega-de-premios-2014-datos-y-programa-previsto\/\" target=\"_blank\">Leer m\u00e1s<\/a><\/p>\n<p style=\"color: #444444;\">\n","protected":false},"excerpt":{"rendered":"<p>&nbsp; Estamos preparando ya la Cena-Entrega de premios de este a\u00f1o, en Murcia\u00a0el 4 de octubre, s\u00e1bado.\u00a0Reci\u00e9n llegados de vacaciones queremos dejaros los primeros datos de este a\u00f1o. Conoceremos los ganadores del\u00a0X\u00a0Certamen de Narrativa Breve\u00a0, se entregar\u00e1n los premios del\u00a0VIII Certamen \u00abPoemas sin Rostro\u00bb,\u00a0premios del p\u00fablico y el ganador del\u00a0Premio&#8230;<\/p>\n<p> <a class=\"continue-reading-link\" href=\"https:\/\/canal-literatura.com\/xcertamen\/?p=716\"><span>Leer m\u00e1s..<\/span><i class=\"crycon-right-dir\"><\/i><\/a> <\/p>\n","protected":false},"author":4,"featured_media":0,"comment_status":"open","ping_status":"open","sticky":false,"template":"","format":"standard","meta":{"ngg_post_thumbnail":0,"footnotes":""},"categories":[3],"tags":[],"class_list":["post-716","post","type-post","status-publish","format-standard","hentry","category-noticias"],"_links":{"self":[{"href":"https:\/\/canal-literatura.com\/xcertamen\/index.php?rest_route=\/wp\/v2\/posts\/716","targetHints":{"allow":["GET"]}}],"collection":[{"href":"https:\/\/canal-literatura.com\/xcertamen\/index.php?rest_route=\/wp\/v2\/posts"}],"about":[{"href":"https:\/\/canal-literatura.com\/xcertamen\/index.php?rest_route=\/wp\/v2\/types\/post"}],"author":[{"embeddable":true,"href":"https:\/\/canal-literatura.com\/xcertamen\/index.php?rest_route=\/wp\/v2\/users\/4"}],"replies":[{"embeddable":true,"href":"https:\/\/canal-literatura.com\/xcertamen\/index.php?rest_route=%2Fwp%2Fv2%2Fcomments&post=716"}],"version-history":[{"count":0,"href":"https:\/\/canal-literatura.com\/xcertamen\/index.php?rest_route=\/wp\/v2\/posts\/716\/revisions"}],"wp:attachment":[{"href":"https:\/\/canal-literatura.com\/xcertamen\/index.php?rest_route=%2Fwp%2Fv2%2Fmedia&parent=716"}],"wp:term":[{"taxonomy":"category","embeddable":true,"href":"https:\/\/canal-literatura.com\/xcertamen\/index.php?rest_route=%2Fwp%2Fv2%2Fcategories&post=716"},{"taxonomy":"post_tag","embeddable":true,"href":"https:\/\/canal-literatura.com\/xcertamen\/index.php?rest_route=%2Fwp%2Fv2%2Ftags&post=716"}],"curies":[{"name":"wp","href":"https:\/\/api.w.org\/{rel}","templated":true}]}}