
{"id":732,"date":"2014-09-15T09:09:16","date_gmt":"2014-09-15T07:09:16","guid":{"rendered":"http:\/\/canal-literatura.com\/xcertamen\/?p=732"},"modified":"2014-09-15T09:09:16","modified_gmt":"2014-09-15T07:09:16","slug":"hoy-cierre-de-envio-de-originales-para-el-premio-especial-reconciliacion-2014","status":"publish","type":"post","link":"https:\/\/canal-literatura.com\/xcertamen\/?p=732","title":{"rendered":"Hoy, cierre de env\u00edo de originales para el Premio Especial Reconciliaci\u00f3n 2014"},"content":{"rendered":"<p><img loading=\"lazy\" decoding=\"async\" class=\"aligncenter  wp-image-512\" src=\"http:\/\/canal-literatura.com\/xcertamen\/files\/2014\/05\/banner468x61.jpg\" alt=\"banner468x61\" width=\"272\" height=\"36\" srcset=\"https:\/\/canal-literatura.com\/xcertamen\/files\/2014\/05\/banner468x61.jpg 468w, https:\/\/canal-literatura.com\/xcertamen\/files\/2014\/05\/banner468x61-300x39.jpg 300w\" sizes=\"auto, (max-width: 272px) 100vw, 272px\" \/><\/p>\n<p>Hoy, d\u00eda 15 de septiembre de 2014, se cierra el plazo de presentaci\u00f3n de originales para este Premio Especial Reconciliaci\u00f3n cuyo premio se entregar\u00e1 tambi\u00e9n en la pr\u00f3xima entrega de premios del 4 de octubre en Murcia.<\/p>\n<p>Hasta las 23:59 hora espa\u00f1ola puedes enviar tu texto.<\/p>\n<p>\u00a1\u00c1nimo!<\/p>\n","protected":false},"excerpt":{"rendered":"<p>Hoy, d\u00eda 15 de septiembre de 2014, se cierra el plazo de presentaci\u00f3n de originales para este Premio Especial Reconciliaci\u00f3n cuyo premio se entregar\u00e1 tambi\u00e9n en la pr\u00f3xima entrega de premios del 4 de octubre en Murcia. Hasta las 23:59 hora espa\u00f1ola puedes enviar tu texto. \u00a1\u00c1nimo!<\/p>\n<p> <a class=\"continue-reading-link\" href=\"https:\/\/canal-literatura.com\/xcertamen\/?p=732\"><span>Leer m\u00e1s..<\/span><i class=\"crycon-right-dir\"><\/i><\/a> <\/p>\n","protected":false},"author":4,"featured_media":0,"comment_status":"open","ping_status":"open","sticky":false,"template":"","format":"standard","meta":{"ngg_post_thumbnail":0,"footnotes":""},"categories":[3,198],"tags":[],"class_list":["post-732","post","type-post","status-publish","format-standard","hentry","category-noticias","category-p-e-reconciliacion"],"_links":{"self":[{"href":"https:\/\/canal-literatura.com\/xcertamen\/index.php?rest_route=\/wp\/v2\/posts\/732","targetHints":{"allow":["GET"]}}],"collection":[{"href":"https:\/\/canal-literatura.com\/xcertamen\/index.php?rest_route=\/wp\/v2\/posts"}],"about":[{"href":"https:\/\/canal-literatura.com\/xcertamen\/index.php?rest_route=\/wp\/v2\/types\/post"}],"author":[{"embeddable":true,"href":"https:\/\/canal-literatura.com\/xcertamen\/index.php?rest_route=\/wp\/v2\/users\/4"}],"replies":[{"embeddable":true,"href":"https:\/\/canal-literatura.com\/xcertamen\/index.php?rest_route=%2Fwp%2Fv2%2Fcomments&post=732"}],"version-history":[{"count":0,"href":"https:\/\/canal-literatura.com\/xcertamen\/index.php?rest_route=\/wp\/v2\/posts\/732\/revisions"}],"wp:attachment":[{"href":"https:\/\/canal-literatura.com\/xcertamen\/index.php?rest_route=%2Fwp%2Fv2%2Fmedia&parent=732"}],"wp:term":[{"taxonomy":"category","embeddable":true,"href":"https:\/\/canal-literatura.com\/xcertamen\/index.php?rest_route=%2Fwp%2Fv2%2Fcategories&post=732"},{"taxonomy":"post_tag","embeddable":true,"href":"https:\/\/canal-literatura.com\/xcertamen\/index.php?rest_route=%2Fwp%2Fv2%2Ftags&post=732"}],"curies":[{"name":"wp","href":"https:\/\/api.w.org\/{rel}","templated":true}]}}