
{"id":744,"date":"2014-09-22T10:18:54","date_gmt":"2014-09-22T08:18:54","guid":{"rendered":"http:\/\/canal-literatura.com\/xcertamen\/?p=744"},"modified":"2014-09-22T10:18:54","modified_gmt":"2014-09-22T08:18:54","slug":"finalistas-del-premio-especial-historias-de-reconciliacion-2014","status":"publish","type":"post","link":"https:\/\/canal-literatura.com\/xcertamen\/?p=744","title":{"rendered":"Finalistas del Premio especial \u00abHistorias de Reconciliaci\u00f3n\u00bb 2014"},"content":{"rendered":"<p><img loading=\"lazy\" decoding=\"async\" class=\"aligncenter wp-image-512\" src=\"http:\/\/canal-literatura.com\/xcertamen\/files\/2014\/05\/banner468x61.jpg\" alt=\"Premio Especial Reconciliaci\u00f3n, \" width=\"272\" height=\"36\" srcset=\"https:\/\/canal-literatura.com\/xcertamen\/files\/2014\/05\/banner468x61.jpg 468w, https:\/\/canal-literatura.com\/xcertamen\/files\/2014\/05\/banner468x61-300x39.jpg 300w\" sizes=\"auto, (max-width: 272px) 100vw, 272px\" \/><\/p>\n<p>&nbsp;<\/p>\n<p>Murcia, 22\/9\/2014<\/p>\n<p>Entre las 20 obras presentadas al Premio Especial \u00bb HIstorias de Reconciliaci\u00f3n\u00bb\u00a0\u00a0los 6\u00a0seleccionados que pasan a la final tanto en prosa como en poes\u00eda son:<\/p>\n<p><a title=\"Permanent Link to PE-N\u00ba1- Tan peque\u00f1o\u2026 Por Deucali\u00f3n\" href=\"http:\/\/canal-literatura.com\/xcertamen\/pe-no1-tan-pequeno-por-deucalion\/\" rel=\"bookmark\">PE-N\u00ba1- Tan peque\u00f1o\u2026 Por Deucali\u00f3n<\/a><\/p>\n<p><a class=\"corner\" title=\"Enlace a PE-N\u00ba4-Hambre, Victoria, Guerra y Muerte. Por Viento Guevara\" href=\"http:\/\/canal-literatura.com\/xcertamen\/pe-no4-hambre-victoria-guerra-y-muerte-por-viento-guevara\/\" rel=\"bookmark\">PE-N\u00ba4-Hambre, Victoria, Guerra y Muerte. Por Viento Guevara<\/a><\/p>\n<p><a title=\"Permanent Link to PE-N\u00ba7- Western. Por Seth\" href=\"http:\/\/canal-literatura.com\/xcertamen\/pe-no7\/\" rel=\"bookmark\">PE-N\u00ba7- Western. Por Seth<\/a><\/p>\n<p><a title=\"Permanent Link to PE-N\u00ba10- MOISA. Por Mar Mara\" href=\"http:\/\/canal-literatura.com\/xcertamen\/pe-no10-moisa-por-mar-mara\/\" rel=\"bookmark\">PE-N\u00ba10- MOISA. Por Mar Mara<\/a><\/p>\n<p><a title=\"Permanent Link to PE-N\u00ba16 \u2013 El lenguaje del olvido. Por Pl\u00e9yade\" href=\"http:\/\/canal-literatura.com\/xcertamen\/pe-no16-el-lenguaje-del-olvido-por-pleyade\/\" rel=\"bookmark\">PE-N\u00ba16 \u2013 El lenguaje del olvido. Por Pl\u00e9yade<\/a><\/p>\n<p><a title=\"Permanent Link to PE-N\u00ba20 \u2013 D\u00e9jame en ti. Por V\u00eda L\u00e1ctea\" href=\"http:\/\/canal-literatura.com\/xcertamen\/pe-no20-dejame-en-ti-por-via-lactea\/\" rel=\"bookmark\">PE-N\u00ba20 \u2013 D\u00e9jame en ti. Por V\u00eda L\u00e1ctea<\/a><\/p>\n<p>Enhorabuena a todos.<\/p>\n<p>El ganador se conocer\u00e1 en la<a href=\"http:\/\/canal-literatura.com\/blog\/noticias\/entrega-de-premios-2014-datos-y-programa-previsto\/\" target=\"_blank\"><strong><span style=\"text-decoration: underline;\"> pr\u00f3xima entrega de premios<\/span><\/strong><\/a> el d\u00eda <strong>4 de octubre en Murcia <\/strong>a la que\u00a0est\u00e1n\u00a0todos los\u00a0concursantes,lectores y amigos emplazados a asistir y compartir este d\u00eda tan especial.<!--more--><\/p>\n<p><strong>Los premios<\/strong> consistir\u00e1n en:<\/p>\n<p><em>a<\/em>)<strong> Un trofeo de metal para el ganador.<\/strong><\/p>\n<p><em>b<\/em>)<strong> Un estuche de plumillas antiguas para los finalistas.<\/strong><\/p>\n<p>Todos recibir\u00e1n un lote de libros de la Asociaci\u00f3n Canal Literatura y la publicaci\u00f3n, si es posible, junto a los ganadores y finalistas del X Certamen de Narrativa Breve, en el d\u00e9cimo libro de nuestra colecci\u00f3n: Relatos en el Canal 10.<\/p>\n<p><img loading=\"lazy\" decoding=\"async\" class=\"aligncenter\" src=\"http:\/\/canal-literatura.com\/xcertamen\/files\/2014\/05\/premiosPE-reconciliacion.jpg\" alt=\"Premios para el Premio Especial &quot;Historias de Reconciliaci\u00f3n&quot;\" width=\"449\" height=\"291\" \/><\/p>\n","protected":false},"excerpt":{"rendered":"<p>&nbsp; Murcia, 22\/9\/2014 Entre las 20 obras presentadas al Premio Especial \u00bb HIstorias de Reconciliaci\u00f3n\u00bb\u00a0\u00a0los 6\u00a0seleccionados que pasan a la final tanto en prosa como en poes\u00eda son: PE-N\u00ba1- Tan peque\u00f1o\u2026 Por Deucali\u00f3n PE-N\u00ba4-Hambre, Victoria, Guerra y Muerte. Por Viento Guevara PE-N\u00ba7- Western. Por Seth PE-N\u00ba10- MOISA. Por Mar Mara&#8230;<\/p>\n<p> <a class=\"continue-reading-link\" href=\"https:\/\/canal-literatura.com\/xcertamen\/?p=744\"><span>Leer m\u00e1s..<\/span><i class=\"crycon-right-dir\"><\/i><\/a> <\/p>\n","protected":false},"author":4,"featured_media":0,"comment_status":"open","ping_status":"open","sticky":false,"template":"","format":"standard","meta":{"ngg_post_thumbnail":0,"footnotes":""},"categories":[3,198],"tags":[21,244,199],"class_list":["post-744","post","type-post","status-publish","format-standard","hentry","category-noticias","category-p-e-reconciliacion","tag-21","tag-finalistas","tag-premio-especial-reconciliacion"],"_links":{"self":[{"href":"https:\/\/canal-literatura.com\/xcertamen\/index.php?rest_route=\/wp\/v2\/posts\/744","targetHints":{"allow":["GET"]}}],"collection":[{"href":"https:\/\/canal-literatura.com\/xcertamen\/index.php?rest_route=\/wp\/v2\/posts"}],"about":[{"href":"https:\/\/canal-literatura.com\/xcertamen\/index.php?rest_route=\/wp\/v2\/types\/post"}],"author":[{"embeddable":true,"href":"https:\/\/canal-literatura.com\/xcertamen\/index.php?rest_route=\/wp\/v2\/users\/4"}],"replies":[{"embeddable":true,"href":"https:\/\/canal-literatura.com\/xcertamen\/index.php?rest_route=%2Fwp%2Fv2%2Fcomments&post=744"}],"version-history":[{"count":0,"href":"https:\/\/canal-literatura.com\/xcertamen\/index.php?rest_route=\/wp\/v2\/posts\/744\/revisions"}],"wp:attachment":[{"href":"https:\/\/canal-literatura.com\/xcertamen\/index.php?rest_route=%2Fwp%2Fv2%2Fmedia&parent=744"}],"wp:term":[{"taxonomy":"category","embeddable":true,"href":"https:\/\/canal-literatura.com\/xcertamen\/index.php?rest_route=%2Fwp%2Fv2%2Fcategories&post=744"},{"taxonomy":"post_tag","embeddable":true,"href":"https:\/\/canal-literatura.com\/xcertamen\/index.php?rest_route=%2Fwp%2Fv2%2Ftags&post=744"}],"curies":[{"name":"wp","href":"https:\/\/api.w.org\/{rel}","templated":true}]}}