
{"id":750,"date":"2014-09-28T20:37:19","date_gmt":"2014-09-28T18:37:19","guid":{"rendered":"http:\/\/canal-literatura.com\/xcertamen\/?p=750"},"modified":"2014-09-30T00:51:38","modified_gmt":"2014-09-29T22:51:38","slug":"los-rostros-de-los-finalistas-del-premio-especial-historias-de-reconciliacion","status":"publish","type":"post","link":"https:\/\/canal-literatura.com\/xcertamen\/?p=750","title":{"rendered":"Los rostros de los finalistas del Premio Especial \u00abHistorias de Reconciliaci\u00f3n\u00bb"},"content":{"rendered":"<p style=\"text-align: center;\">Ya nos van llegando las fotos \u00a0de los finalistas del premio especial y lo que han querido contarnos.<\/p>\n<p style=\"text-align: center;\"><span style=\"color: #3366ff;\"><a style=\"color: #3366ff;\" title=\"Permanent Link to PE-N\u00ba1- Tan peque\u00f1o\u2026 Por Deucali\u00f3n\" href=\"http:\/\/canal-literatura.com\/xcertamen\/pe-no1-tan-pequeno-por-deucalion\/\" rel=\"bookmark\">PE-N\u00ba1- Tan peque\u00f1o\u2026 Por Deucali\u00f3n<\/a><\/span><\/p>\n<h3 style=\"text-align: center;\"><img loading=\"lazy\" decoding=\"async\" class=\"aligncenter\" src=\"http:\/\/canal-literatura.com\/fotos\/2014\/xcertamen\/maria-dolores-moya.jpg\" alt=\"Mar\u00eda Dolores Moya G\u00f3mez -Murcia\" width=\"334\" height=\"281\" \/><\/h3>\n<h3 style=\"text-align: center;\"><strong>Mar\u00eda Dolores Moya G\u00f3mez\u00a0<\/strong><\/h3>\n<p style=\"text-align: center;\">Murcia -(Espa\u00f1a)<\/p>\n<p style=\"text-align: justify;\">Lola\/Loli para amigos y familiares, nac\u00ed en Lorca el 7 de diciembre del 71, residiendo en Murcia desde los 18 a\u00f1os. Licenciada en Matem\u00e1ticas, una lesi\u00f3n me apart\u00f3 para siempre de mi mayor desahogo, el tenis, y, cosas de la mente, me encontr\u00e9 con la necesidad imperiosa de escribir cuentos infantiles y juveniles que aparec\u00edan en mi mente; s\u00f3lo sal\u00edan del caj\u00f3n para ser le\u00eddos a mis dos hijos.<!--more--><\/p>\n<p style=\"text-align: justify;\">Dos a\u00f1os m\u00e1s tarde, trabajando como estad\u00edstica en la Universidad de Murcia, una nueva compa\u00f1era demostr\u00f3 su val\u00eda en eso de la orientaci\u00f3n, desafi\u00e1ndome a presentarme a un concurso de microrrelatos. \u00a1Pens\u00e9 que estaba loca! Nada m\u00e1s escuchar las bases me apareci\u00f3 una escena. Escrib\u00ed un micro redondo, qued\u00f3 en segunda posici\u00f3n; un besico, Olga. El siguiente reto fue el famoso concurso mensual de micros de abogados, le\u00ed las cinco palabras obligatorias y apareci\u00f3 otra historia en mi mente; llegu\u00e9 tambi\u00e9n a la final y me publicaron en su antolog\u00eda.<\/p>\n<p style=\"text-align: justify;\">Eso de ver mi micro publicado junto a mi nombre pas\u00f3 de ser un verdadero corte a ser un verdadero vicio. Pero me faltaba formaci\u00f3n. No s\u00e9 c\u00f3mo, Enrique Tamarit Cerd\u00e1 me pesc\u00f3 de entre las redes sociales, y en los inicios de su grupo de microrrelatos yo estaba dentro, junto a microrrelatistas exitosos. \u00c9l me ense\u00f1\u00f3 a transformar una buena idea en un buen microrrelato. Han sido m\u00e1s de cinco a\u00f1os de alegr\u00edas con los micros, aunque siempre a las puertas de ganar alg\u00fan premio.<\/p>\n<p style=\"text-align: justify;\">Entre tanto, descubr\u00ed que mi amigo y compa\u00f1ero de oficina, Javier Trescuadras, comenzaba su andadura en este mundillo. Se empe\u00f1\u00f3 en que deb\u00eda escribir cosas m\u00e1s largas, d\u00e1ndome muchos consejos; nos presentamos al VIII Certamen de Narrativa Breve de esta casa y fue muy divertido, desde entonces no he faltado a esta cita. All\u00ed me cruc\u00e9 con Jos\u00e9 Mar\u00eda Araus Sancho, clave para que siguiera escribiendo relatos, \u00e9l me dio alas. Despu\u00e9s he tenido el lujo de poder dar la lata a Rafael Borr\u00e1s Avi\u00f1\u00f3; admiro su arte en este oficio y, por supuesto, su verborrea. Y su paciencia conmigo. Gracias, os debo haber logrado plasmar en papel mi Tan peque\u00f1o\u2026<\/p>\n<p style=\"text-align: center;\"><span style=\"color: #3366ff;\"><a style=\"color: #3366ff;\" title=\"Permanent Link to PE-N\u00ba10- MOISA. Por Mar Mara\" href=\"http:\/\/canal-literatura.com\/xcertamen\/pe-no10-moisa-por-mar-mara\/\" rel=\"bookmark\">PE-N\u00ba10- MOISA. Por Mar Mara<\/a><\/span><\/p>\n<p style=\"text-align: center;\"><img loading=\"lazy\" decoding=\"async\" class=\"aligncenter\" src=\"http:\/\/www.canal-literatura.com\/Apoesia4\/Finalistas\/IGNACIOFajardo.jpg\" alt=\"Ignacio Fajardo Portera\" width=\"204\" height=\"241\" \/><\/p>\n<h3 style=\"text-align: center;\">Ignacio Fajardo Portera<\/h3>\n<p style=\"text-align: center;\">Zaragoza (Espa\u00f1a)<\/p>\n<p>Nac\u00ed al mundo en Madrid en 1961, y a la literatura un poco m\u00e1s tarde, o sea hace cuatro d\u00edas. Pese a todo parece que no lo hago mal del todo y en estos cinco a\u00f1os he tenido el honor y la satisfacci\u00f3n de recibir algunos premios. Podr\u00eda decir que con Canal Literatura se me cayeron los dientes de leche y comenc\u00e9 a caminar, pasito a paso, en este territorio de la escritura. Por eso, cuando le\u00ed la convocatoria del Premio Especial sobre la Reconciliaci\u00f3n, no pude evitar sentirme tentado a participar, primero por el cari\u00f1o que le guardo al Canal y luego porque el tema propuesto me result\u00f3 muy atractivo. As\u00ed que estar entre los finalistas del certamen provoca en m\u00ed un doble sentimiento de alegr\u00eda y agradecimiento. Gracias Canal Literatura, gracias lectores.<\/p>\n<p>Un saludo cordial.<\/p>\n<p><strong>Ignacio Fajardo Portera -Zaragoza<\/strong> (Mar Mara)<\/p>\n<p>&nbsp;<\/p>\n<p>&nbsp;<\/p>\n<p style=\"text-align: center;\"><span style=\"color: #3366ff;\"><a style=\"color: #3366ff;\" title=\"Permanent Link to PE-N\u00ba4-Hambre, Victoria, Guerra y Muerte. Por Viento Guevara\" href=\"http:\/\/canal-literatura.com\/xcertamen\/pe-no4-hambre-victoria-guerra-y-muerte-por-viento-guevara\/\" rel=\"bookmark\">PE-N\u00ba4-Hambre, Victoria<span style=\"color: #3366ff;\">, Guerra y Muer<\/span>te. Por Viento Guevara<\/a><\/span><\/p>\n<h3 style=\"text-align: center;\"><img loading=\"lazy\" decoding=\"async\" class=\"aligncenter\" src=\"http:\/\/canal-literatura.com\/fotos\/2014\/xcertamen\/manuel-reyes-lopez-guevara.jpg\" alt=\"Manuel Reyes L\u00f3pez-Guevara - Murcia\" width=\"450\" height=\"300\" \/><\/h3>\n<h3 style=\"text-align: center;\">\u00a0Manuel Reyes L\u00f3pez-Guevara<\/h3>\n<p style=\"text-align: center;\">Murcia \u00a0(Espa\u00f1a)<\/p>\n<p style=\"text-align: justify;\">Veo casi imposible escribir una cr\u00f3nica sobre m\u00ed mismo. As\u00ed que mejor voy a dejar que brevemente algunas palabras por orden alfab\u00e9tico intenten contar alguna verdad sobre m\u00ed:<\/p>\n<p style=\"text-align: justify;\">Con la \u201cA\u201d<strong><em> Apasionado<\/em><\/strong>;mi padre dice que busque lo que mejor se me de en el mundo y haci\u00e9ndolo sea feliz, la \u00faltima actualizaci\u00f3n al respecto por mi parte es: \u201cbusca lo que mejor hagas en el mundo y mientras te mueres de hambre intenta forzar una sonrisa\u201d. Con la \u201cB\u201d <strong><em>Bueno<\/em><\/strong>; tengo la antinatural y horrible costumbre de ser bueno aunque creo que voy a cambiar la estrategia y llevar una vida muy mala para redimirme y volverme bueno en el \u00faltimo momento. Ya que esta visto que vales lo \u00faltimo que haces. Con la \u201cC\u201d <strong><em>Creativo<\/em><\/strong>. Con la \u201cD\u201d <strong><em>Disciplinado<\/em><\/strong>. Con la \u201cE\u201d <strong><em>Escritor<\/em><\/strong>: y aqu\u00ed descubro que las vocaciones no se eligen sino que te escogen ellas para arruinar tu vida y la de quienes te rodean. Con la \u201cF\u201d <strong><em>Formado: <\/em><\/strong>C\u00f3mo gran parte de mi generaci\u00f3n; soy un \u201cJASP\u201d joven aunque sobradamente preparado, de lo cual esta Alemania muy agradecida. Con la \u201cG\u201d<strong><em> Genial<\/em><\/strong>: Lo cual ejerce un raro contraste con la siguiente. \u201cH\u201d de <strong><em>Humilde<\/em><\/strong>. Con la \u201cI\u201d\u00a0 Inventivo: que nos llevar\u00eda de nuevo a la \u201dC\u201d de creativo y no aydar\u00eda a saltarnos \u201cR\u201d de redundante pero prefiero que sea de ritmo, como cuando vas a caballo. Y esto nos deja ya en la \u201cJ\u201d de <strong><em>jinete:<\/em><\/strong> que le vamos a hacer estoy enganchado y escribo m\u00e1s al galope sobre Viento que al paso en un escritorio. Con la \u201cK\u201d <strong><em>Kafkiano<\/em><\/strong>:\u00a0 si esto es por raro, por extra\u00f1o por no humano y tambi\u00e9n porque no hay muchas palabras bonitas con k en castellano.Con la \u201cL\u201d soy <strong><em>Leal<\/em><\/strong>. \u201cM\u201d de <strong><em>Meticuloso<\/em><\/strong>. Con la \u201cN\u201d <strong><em>Narrador<\/em><\/strong>: y esto, esto es una maldici\u00f3n mi vida es narrada en mi cabeza por una voz en off.Llegamos a la \u201c\u00d1\u201d y os digo que no soy nada <strong><em>\u00d1o\u00f1o<\/em><\/strong>. Con la \u201cO\u201d <strong><em>Observador<\/em><\/strong>: y es que dec\u00eda Shakespeare que el universo tiene m\u00fasica para aquellos que escuchan, sobre todo con los ojos.\u00a0 Con la \u201cP\u201d <strong><em>\u00a0Perseverante<\/em><\/strong>. Con la \u201cQ\u201d (millones de..) <strong>\u201cQuarks\u201d: <\/strong>Unidad fundamental de la materia invisible a los ojos y que ha constituido todo lo que nos rodea \u00bfc\u00f3mo? Pues por muchos datos que invnetemos y desarrollemos MAGIA. Con la \u201cR\u201d <strong><em>R\u00e1pido<\/em><\/strong>. Con la \u201cS\u201d <strong><em>Sabio<\/em><\/strong>: pero no un sabio con larga barba blanca, ni siquiera una rata de biblioteca, sino uno que es lo bastante sabio para saber que nunca es el m\u00e1s sabio de una, sala de una gala ni siquiera en una conversaci\u00f3n. Con la \u201cT\u201d <strong><em>Tod\u00f3logo<\/em><\/strong>: estamos infoxificados intoxicados de informaci\u00f3n y eso nos lleva en realidad a no saber nada. Con la \u201cU\u201d <strong><em>\u00danico: <\/em><\/strong>\u00bfExiste el plural de \u201cYo\u201d? y no hablo de \u201cnosotros\u201d \u00bfexiste \u201cyoes\u201d? \u00bfo es la forma que tiene de decirnos la lengua de que somos \u00fanicos?. Con la \u201cV\u201d<strong><em> Veraz<\/em><\/strong>: el \u00fanico modo de estar en paz. Con la \u201cW\u201d <strong><em>Windsurfista<\/em><\/strong>. Con la \u201cX\u201d(anti)Xen\u00f3fobo: \u00bfhay alguna forma de ser Xen\u00f3fobo sin sufrir una enfermedad mental? Si un xen\u00f3fobo perdiera la memoria dejar\u00eda de odia. Con la \u201cY\u201d <strong>Ya\u00f1ez: <\/strong>Apellido cuya due\u00f1a espero tener siempre a mi lado. Y con la \u201cZ\u201d <strong><em>Zarpamos: <\/em><\/strong>Empecemos vay\u00e1monos que comience ya este viaje as\u00ed que por \u00faltimo intercalo de nuevo la z y os digo que he finalizado.<\/p>\n<p style=\"text-align: center;\"><span style=\"color: #3366ff;\"><a style=\"color: #3366ff;\" title=\"Permanent Link to PE-N\u00ba16 \u2013 El lenguaje del olvido. Por Pl\u00e9yade\" href=\"http:\/\/canal-literatura.com\/xcertamen\/pe-no16-el-lenguaje-del-olvido-por-pleyade\/\" rel=\"bookmark\">PE-N\u00ba16 \u2013 El lenguaje del olvido. Por Pl\u00e9yade<\/a><\/span><\/p>\n<p style=\"text-align: justify;\"><img loading=\"lazy\" decoding=\"async\" class=\"aligncenter\" src=\"http:\/\/canal-literatura.com\/fotos\/2014\/xcertamen\/laura-cabedo-cabo.jpg\" alt=\"\" width=\"266\" height=\"361\" \/><\/p>\n<h3 style=\"text-align: center;\">Laura Cabedo Cabo<\/h3>\n<p style=\"text-align: center;\">Torrent- Valencia \u00a0(Espa\u00f1a)<\/p>\n<p style=\"text-align: justify;\">Nac\u00ed hace media vida y desde entonces he amado las palabras. Escritas, susurradas, impronunciables, volanderas, tercas como mulas\u2026<\/p>\n<p style=\"text-align: justify;\">Las palabras me han tra\u00eddo algunas alegr\u00edas en forma de premios, pero lo mejor es la satisfacci\u00f3n de saber que han sido entendidas y apreciadas, que han cumplido el prop\u00f3sito por el cual salieron de mis dedos. El compartirlas como piedrecitas aqu\u00ed con vosotros, es un regalo. Tuve la suerte de quedar finalista de Canal literatura en otra ocasi\u00f3n y empezar a conocer gente con esta misma sed mental.<\/p>\n<p style=\"text-align: justify;\">He participado en este concurso porque me gusta hablar de sentimientos y sobre todo darles cuerpo en el papel. Creo que la literatura se deshumaniza cuando alguien desde\u00f1a los temas intimistas por considerarlos pasados de moda. Precisamente el origen de la escritura es la\u00a0 necesidad de transmitir nuestro interior a otros.\u00a0 Ha sido hermoso ver que hay tantas formas divergentes de llegar al entendimiento, a esa reconciliaci\u00f3n a veces tan dif\u00edcil pero nunca imposible. \u00bfOs dais cuenta de lo maravillosa que ser\u00eda la vida si todos nuestros relatos se hicieran realidad? Yo creo en ellos y creo que las palabras peque\u00f1as salvar\u00e1n alg\u00fan d\u00eda el mundo. \u00bfAlguien m\u00e1s se apunta?\u00a0 Suerte a todos los creadores.<\/p>\n<p style=\"text-align: justify;\">\n<p style=\"text-align: justify;\">\n<p style=\"text-align: justify;\">\n<p style=\"text-align: center;\"><span style=\"color: #3366ff;\"><a style=\"color: #3366ff;\" title=\"Permanent Link to PE-N\u00ba20 \u2013 D\u00e9jame en ti. Por V\u00eda L\u00e1ctea\" href=\"http:\/\/canal-literatura.com\/xcertamen\/pe-no20-dejame-en-ti-por-via-lactea\/\" rel=\"bookmark\">PE-N\u00ba20 \u2013 D\u00e9jame en ti. Por V\u00eda L\u00e1ctea<\/a><\/span><\/p>\n<p style=\"text-align: justify;\"><img loading=\"lazy\" decoding=\"async\" class=\"aligncenter\" src=\"http:\/\/canal-literatura.com\/fotos\/2014\/xcertamen\/Gervasio-Alegria.jpg\" alt=\"Gervasio Alegr\u00eda\" width=\"400\" height=\"300\" \/><\/p>\n<h3 style=\"text-align: center;\">Gervasio Alegr\u00eda Mellado<\/h3>\n<p style=\"text-align: center;\">Gij\u00f3n &#8211; Asturias (Espa\u00f1a)<\/p>\n<p style=\"text-align: center;\">\n<p style=\"text-align: justify;\">\u00a0Ten\u00eda que haberme puesto el seud\u00f3nimo de Boccaccio en este concurso, puesto que en el de relatos me puse el de Petrarca. Nunca s\u00e9 lo que soy, si un poeta que escribe relatos o un cuentista que escribe poemas. Seguro que ni una cosa ni la otra.\u00a0 \u00bfEstar\u00e9 todav\u00eda\u00a0 en la crisis de identidad de la adolescencia? As\u00ed\u2026 <em>nunca llegar\u00e1s a nada<\/em>, me dir\u00eda Juan Benet.<\/p>\n<p style=\"text-align: justify;\">Me gusta que la prosa sea po\u00e9tica y que el poema sea claro y transparente.\u00a0 Que ambos\u00a0 broten y fluyan y salten como los manantiales de alta monta\u00f1a.<\/p>\n<p style=\"text-align: justify;\">Me gusta que la fuerza del relato y del poema \u00a0resida en la trabaz\u00f3n\u00a0 del lenguaje, en la sonoridad del verso y del per\u00edodo sint\u00e1ctico, en su cadencia, en la sorpresa de la imagen ins\u00f3lita o provocativa<\/p>\n<p style=\"text-align: justify;\">.<\/p>\n<p style=\"text-align: justify;\">Me gusta que las palabras est\u00e9n vivas en cualquier escrito, en cualquier ubicaci\u00f3n dentro de la frase o del verso,\u00a0 que suenen como campanas y que\u00a0 vibren como\u00a0 las\u00a0 copas de un cristal fino de bohemia.\u00a0 \u00a0Neruda dir\u00eda que \u201cbrillen como piedras de colores, que salten como platinados peces\u201d.<\/p>\n<p style=\"text-align: justify;\">Las formas de la escritura, como las razas\u00a0 de\u00a0 los\u00a0 animales, son m\u00e1s fuertes cuanto m\u00e1s h\u00edbridas. Hay que difuminar\u00a0 las fronteras entre los g\u00e9neros. Hay que mezclarlos para que\u00a0 mejoren<\/p>\n<p style=\"text-align: justify;\">\u00a0\u201cA estas alturas ya no persigo la\u00a0 gloria literaria, solo que alguien me lea y se emocione\u201d. Con esta declaraci\u00f3n terminaba \u00a0yo \u00a0mi otra rese\u00f1a. Y en ella me ratifico. Por eso me present\u00e9 a este concurso de Historias de Reconciliaci\u00f3n, porque admite las\u00a0 formas\u00a0 del relato y\u00a0 del poema y porque a\u00fan creo en el coraz\u00f3n del hombre.<\/p>\n","protected":false},"excerpt":{"rendered":"<p>Ya nos van llegando las fotos \u00a0de los finalistas del premio especial y lo que han querido contarnos. PE-N\u00ba1- Tan peque\u00f1o\u2026 Por Deucali\u00f3n Mar\u00eda Dolores Moya G\u00f3mez\u00a0 Murcia -(Espa\u00f1a) Lola\/Loli para amigos y familiares, nac\u00ed en Lorca el 7 de diciembre del 71, residiendo en Murcia desde los 18 a\u00f1os&#8230;.<\/p>\n<p> <a class=\"continue-reading-link\" href=\"https:\/\/canal-literatura.com\/xcertamen\/?p=750\"><span>Leer m\u00e1s..<\/span><i class=\"crycon-right-dir\"><\/i><\/a> <\/p>\n","protected":false},"author":4,"featured_media":0,"comment_status":"open","ping_status":"open","sticky":false,"template":"","format":"standard","meta":{"ngg_post_thumbnail":0,"footnotes":""},"categories":[264,198],"tags":[265,205,266],"class_list":["post-750","post","type-post","status-publish","format-standard","hentry","category-laura-cabedo-cabo-ganadora-del-premio-especial-historias-de-reconciliacion-2014","category-p-e-reconciliacion","tag-finalistas-premio-especial","tag-historias-de-reconciliacion","tag-rostros"],"_links":{"self":[{"href":"https:\/\/canal-literatura.com\/xcertamen\/index.php?rest_route=\/wp\/v2\/posts\/750","targetHints":{"allow":["GET"]}}],"collection":[{"href":"https:\/\/canal-literatura.com\/xcertamen\/index.php?rest_route=\/wp\/v2\/posts"}],"about":[{"href":"https:\/\/canal-literatura.com\/xcertamen\/index.php?rest_route=\/wp\/v2\/types\/post"}],"author":[{"embeddable":true,"href":"https:\/\/canal-literatura.com\/xcertamen\/index.php?rest_route=\/wp\/v2\/users\/4"}],"replies":[{"embeddable":true,"href":"https:\/\/canal-literatura.com\/xcertamen\/index.php?rest_route=%2Fwp%2Fv2%2Fcomments&post=750"}],"version-history":[{"count":0,"href":"https:\/\/canal-literatura.com\/xcertamen\/index.php?rest_route=\/wp\/v2\/posts\/750\/revisions"}],"wp:attachment":[{"href":"https:\/\/canal-literatura.com\/xcertamen\/index.php?rest_route=%2Fwp%2Fv2%2Fmedia&parent=750"}],"wp:term":[{"taxonomy":"category","embeddable":true,"href":"https:\/\/canal-literatura.com\/xcertamen\/index.php?rest_route=%2Fwp%2Fv2%2Fcategories&post=750"},{"taxonomy":"post_tag","embeddable":true,"href":"https:\/\/canal-literatura.com\/xcertamen\/index.php?rest_route=%2Fwp%2Fv2%2Ftags&post=750"}],"curies":[{"name":"wp","href":"https:\/\/api.w.org\/{rel}","templated":true}]}}