
{"id":76,"date":"2014-02-05T15:27:37","date_gmt":"2014-02-05T15:27:37","guid":{"rendered":"http:\/\/canal-literatura.com\/xcertamen\/?p=76"},"modified":"2014-02-05T20:11:35","modified_gmt":"2014-02-05T20:11:35","slug":"elena-marques-se-incorpora-al-jurado-permanente-del-certamen-de-narrativa-breve","status":"publish","type":"post","link":"https:\/\/canal-literatura.com\/xcertamen\/?p=76","title":{"rendered":"Elena Marqu\u00e9s, se incorpora al Jurado Permanente del Certamen De Narrativa Breve."},"content":{"rendered":"<p style=\"text-align: center;\"><img loading=\"lazy\" decoding=\"async\" class=\"aligncenter\" alt=\"Elena Marqu\u00e9s N\u00fa\u00f1ez\" src=\"http:\/\/canal-literatura.com\/fotos\/elena-marques-dama-literatura-P2013.jpg\" width=\"360\" height=\"395\" \/><\/p>\n<p style=\"text-align: justify;\">Comenz\u00f3 concursando en nuestros cert\u00e1menes de poes\u00eda y narrativa, alcanzando ya,\u00a0en su primera participaci\u00f3n, un tercer premio de poes\u00eda. Es la \u00fanica concursante que ha sido \u00a0finalista en dos convocatorias seguidas en las dos modalidades, y en la entrega de premios del a\u00f1o 2013 \u00a0se alz\u00f3 como triunfadora al recoger tres premios, adem\u00e1s de ser nombrada <strong><a href=\"http:\/\/canal-literatura.com\/blog\/zona-literaria\/elena-marques-nunez-dama-literatura-2013-por-sextavoce\/\" target=\"_blank\">Dama Literatura<\/a><\/strong> por sus cualidades literarias y humanas y su \u201cgrandeza de esp\u00edritu\u201d, tal y como apunta el caballero Sextavoce. Desde entonces <strong>Elena Marqu\u00e9s<\/strong> ha seguido con su carrera de escritora, conseguido otros muchos premios, \u00a0publicado m\u00e1s libros; pero tambi\u00e9n ha querido dedicar su esfuerzo y dedicaci\u00f3n a este proyecto corrigiendo las dos \u00faltimas ediciones de nuestros libros y participando activamente en todos los \u00e1mbitos, \u00a0revel\u00e1ndose como una magn\u00edfica colaboradora, compa\u00f1era de andadura y gran amiga.<\/p>\n<p style=\"text-align: justify;\">A partir de ahora dirigir\u00e1 los servicios de correcci\u00f3n de textos que ofrece Canal Literatura y <strong>es la primera concursante que pasa a formar parte del <a href=\"http:\/\/canal-literatura.com\/xcertamen\/jurado\/\" target=\"_blank\"><span style=\"text-decoration: underline;\">jurado<\/span> <\/a>permanente del certamen de narrativa breve<\/strong>. Por estos motivos os dejamos una entrevista personal con ella para que todos pod\u00e1is conocerla mejor.<\/p>\n<p style=\"text-align: justify;\"><a href=\"http:\/\/canal-literatura.com\/blog\/zona-literaria\/entrevista-a-elena-marques-que-pasa-ser-jurado-permanente-del-certamen-de-narrativa-breve\/\" target=\"_blank\"><span style=\"text-decoration: underline;\"><strong>Leer la entrevista personal.<\/strong><\/span><\/a><\/p>\n","protected":false},"excerpt":{"rendered":"<p>Comenz\u00f3 concursando en nuestros cert\u00e1menes de poes\u00eda y narrativa, alcanzando ya,\u00a0en su primera participaci\u00f3n, un tercer premio de poes\u00eda. Es la \u00fanica concursante que ha sido \u00a0finalista en dos convocatorias seguidas en las dos modalidades, y en la entrega de premios del a\u00f1o 2013 \u00a0se alz\u00f3 como triunfadora al recoger&#8230;<\/p>\n<p> <a class=\"continue-reading-link\" href=\"https:\/\/canal-literatura.com\/xcertamen\/?p=76\"><span>Leer m\u00e1s..<\/span><i class=\"crycon-right-dir\"><\/i><\/a> <\/p>\n","protected":false},"author":4,"featured_media":52,"comment_status":"open","ping_status":"open","sticky":false,"template":"","format":"standard","meta":{"ngg_post_thumbnail":0,"footnotes":""},"categories":[3],"tags":[9,10,11,12],"class_list":["post-76","post","type-post","status-publish","format-standard","has-post-thumbnail","hentry","category-noticias","tag-elena-marques","tag-jurado","tag-narrativa","tag-permanente"],"_links":{"self":[{"href":"https:\/\/canal-literatura.com\/xcertamen\/index.php?rest_route=\/wp\/v2\/posts\/76","targetHints":{"allow":["GET"]}}],"collection":[{"href":"https:\/\/canal-literatura.com\/xcertamen\/index.php?rest_route=\/wp\/v2\/posts"}],"about":[{"href":"https:\/\/canal-literatura.com\/xcertamen\/index.php?rest_route=\/wp\/v2\/types\/post"}],"author":[{"embeddable":true,"href":"https:\/\/canal-literatura.com\/xcertamen\/index.php?rest_route=\/wp\/v2\/users\/4"}],"replies":[{"embeddable":true,"href":"https:\/\/canal-literatura.com\/xcertamen\/index.php?rest_route=%2Fwp%2Fv2%2Fcomments&post=76"}],"version-history":[{"count":0,"href":"https:\/\/canal-literatura.com\/xcertamen\/index.php?rest_route=\/wp\/v2\/posts\/76\/revisions"}],"wp:featuredmedia":[{"embeddable":true,"href":"https:\/\/canal-literatura.com\/xcertamen\/index.php?rest_route=\/wp\/v2\/media\/52"}],"wp:attachment":[{"href":"https:\/\/canal-literatura.com\/xcertamen\/index.php?rest_route=%2Fwp%2Fv2%2Fmedia&parent=76"}],"wp:term":[{"taxonomy":"category","embeddable":true,"href":"https:\/\/canal-literatura.com\/xcertamen\/index.php?rest_route=%2Fwp%2Fv2%2Fcategories&post=76"},{"taxonomy":"post_tag","embeddable":true,"href":"https:\/\/canal-literatura.com\/xcertamen\/index.php?rest_route=%2Fwp%2Fv2%2Ftags&post=76"}],"curies":[{"name":"wp","href":"https:\/\/api.w.org\/{rel}","templated":true}]}}