
{"id":770,"date":"2014-10-09T12:43:12","date_gmt":"2014-10-09T10:43:12","guid":{"rendered":"http:\/\/canal-literatura.com\/xcertamen\/?p=770"},"modified":"2014-10-10T11:36:04","modified_gmt":"2014-10-10T09:36:04","slug":"la-cena-de-canal-literatura-cronica-de-antonio-marchal-sabater-la-cena-de-canal-literatura-cronica-de-antonio-marchal-sabater-premio-del-publico-de-narrativa-breve-2014","status":"publish","type":"post","link":"https:\/\/canal-literatura.com\/xcertamen\/?p=770","title":{"rendered":"La cena de Canal Literatura. Cr\u00f3nica de Antonio Marchal-Sabater. Premio del p\u00fablico de narrativa breve 2014"},"content":{"rendered":"<p><a href=\"http:\/\/canal-literatura.com\/xcertamen\/files\/2014\/10\/antonio-merchal-PPnarrativa2014.jpg\"><img loading=\"lazy\" decoding=\"async\" class=\"aligncenter wp-image-771 size-full\" src=\"http:\/\/canal-literatura.com\/xcertamen\/files\/2014\/10\/antonio-merchal-PPnarrativa2014.jpg\" alt=\"Antonio Marchal-Sabater-PPnarrativa2014\" width=\"300\" height=\"450\" srcset=\"https:\/\/canal-literatura.com\/xcertamen\/files\/2014\/10\/antonio-merchal-PPnarrativa2014.jpg 300w, https:\/\/canal-literatura.com\/xcertamen\/files\/2014\/10\/antonio-merchal-PPnarrativa2014-200x300.jpg 200w\" sizes=\"auto, (max-width: 300px) 100vw, 300px\" \/><\/a><\/p>\n<p>&nbsp;<\/p>\n<h2 style=\"text-align: center;\">La cena de Canal Literatura<\/h2>\n<p style=\"text-align: justify;\">La noche del pasado s\u00e1bado, 4 de octubre de 2014, asist\u00ed a la entrega de premios de Canal Literatura. No era el primer premio que recib\u00eda desde que escribo ni ser\u00e1 el \u00faltimo; al menos eso espero. Sin embargo, algo me hac\u00eda intuir que no iba a ser uno m\u00e1s y no lo fue. Aquella noche, adem\u00e1s del premio especial del p\u00fablico, recib\u00ed el calor de mis compa\u00f1eros; el apoyo de las instituciones y el acicate que todo escritor necesita en alg\u00fan momento de su vida, el reconocimiento de sus lectores. <!--more-->Saber que detr\u00e1s de nuestro solitario esfuerzo hay personas que nos leen y disfrutan ley\u00e9ndonos es la mejor contribuci\u00f3n que se puede hacer a un escritor, pues por ellas escribe. Las personas que organizaron el evento \u2013s\u00e9 que son muchas y que es injusto olvidarlas, por eso solo nombrar\u00e9, en representaci\u00f3n de todas, a dos, Mar\u00eda Luisa N\u00fa\u00f1ez y Elena Marqu\u00e9s\u2013, no olvidaron para nada los sentimientos de los que nos encontr\u00e1bamos all\u00ed, consiguiendo para todos nosotros, premiados y no premiados, esos cinco minutos de gloria que todos buscamos. Los premiados por serlo y lo no premiados por el reconocimiento de sus compa\u00f1eros, pues despu\u00e9s de la cena, cuando ya nos fuimos conociendo, todos intentamos descubrir detr\u00e1s de las caras desconocidas el pseud\u00f3nimo de los autores de aquellos relatos que m\u00e1s nos hab\u00edan impactado, y ah\u00ed es donde cobraron vida y adquirieron protagonismo el resto de escritores, en el reconocimiento de sus compa\u00f1eros que quer\u00edan hacerse una foto con ellos, tal es mi caso. No voy a reproducir aqu\u00ed la lista de todos los que conoc\u00ed porque no quiero correr el riesgo de que me traicione la memoria y olvide alguno. Voy a mandaros a todos un abrazo y a felicitar expl\u00edcitamente a aquellos que tanto he admirado y cuya admiraci\u00f3n no solo me sorprendi\u00f3, me embarg\u00f3. Vaya mi abrazo especial para Clara Mencid, Gaia, Imp\u00eda la M\u00e1s, Juno, Rebecca Van Winter y Manuel de M\u00e1gina.<\/p>\n<p style=\"text-align: justify;\">Posdata: siempre que escribo corrijo, y al hacerlo siempre a\u00f1ado algo que he olvidado. Esta vez no a\u00f1adir\u00e9 todo lo que falta porque habr\u00eda que hacer una edici\u00f3n especial. Recibid, todos, mi m\u00e1s sincero agradecimiento y un fuerte abrazo. Con eso me despido.<\/p>\n<p><strong>Antonio Marchal-Sabater<\/strong><\/p>\n<p>&nbsp;<\/p>\n<p>&nbsp;<\/p>\n","protected":false},"excerpt":{"rendered":"<p>&nbsp; La cena de Canal Literatura La noche del pasado s\u00e1bado, 4 de octubre de 2014, asist\u00ed a la entrega de premios de Canal Literatura. No era el primer premio que recib\u00eda desde que escribo ni ser\u00e1 el \u00faltimo; al menos eso espero. Sin embargo, algo me hac\u00eda intuir que&#8230;<\/p>\n<p> <a class=\"continue-reading-link\" href=\"https:\/\/canal-literatura.com\/xcertamen\/?p=770\"><span>Leer m\u00e1s..<\/span><i class=\"crycon-right-dir\"><\/i><\/a> <\/p>\n","protected":false},"author":4,"featured_media":771,"comment_status":"open","ping_status":"open","sticky":false,"template":"","format":"standard","meta":{"ngg_post_thumbnail":0,"footnotes":""},"categories":[7],"tags":[236,267,268,197],"class_list":["post-770","post","type-post","status-publish","format-standard","has-post-thumbnail","hentry","category-premio-del-publico","tag-antonio-merchal-sabater","tag-cronica","tag-la-cena-de-canal-literatura","tag-premio-del-publico-2"],"_links":{"self":[{"href":"https:\/\/canal-literatura.com\/xcertamen\/index.php?rest_route=\/wp\/v2\/posts\/770","targetHints":{"allow":["GET"]}}],"collection":[{"href":"https:\/\/canal-literatura.com\/xcertamen\/index.php?rest_route=\/wp\/v2\/posts"}],"about":[{"href":"https:\/\/canal-literatura.com\/xcertamen\/index.php?rest_route=\/wp\/v2\/types\/post"}],"author":[{"embeddable":true,"href":"https:\/\/canal-literatura.com\/xcertamen\/index.php?rest_route=\/wp\/v2\/users\/4"}],"replies":[{"embeddable":true,"href":"https:\/\/canal-literatura.com\/xcertamen\/index.php?rest_route=%2Fwp%2Fv2%2Fcomments&post=770"}],"version-history":[{"count":0,"href":"https:\/\/canal-literatura.com\/xcertamen\/index.php?rest_route=\/wp\/v2\/posts\/770\/revisions"}],"wp:featuredmedia":[{"embeddable":true,"href":"https:\/\/canal-literatura.com\/xcertamen\/index.php?rest_route=\/wp\/v2\/media\/771"}],"wp:attachment":[{"href":"https:\/\/canal-literatura.com\/xcertamen\/index.php?rest_route=%2Fwp%2Fv2%2Fmedia&parent=770"}],"wp:term":[{"taxonomy":"category","embeddable":true,"href":"https:\/\/canal-literatura.com\/xcertamen\/index.php?rest_route=%2Fwp%2Fv2%2Fcategories&post=770"},{"taxonomy":"post_tag","embeddable":true,"href":"https:\/\/canal-literatura.com\/xcertamen\/index.php?rest_route=%2Fwp%2Fv2%2Ftags&post=770"}],"curies":[{"name":"wp","href":"https:\/\/api.w.org\/{rel}","templated":true}]}}