
{"id":798,"date":"2014-10-12T14:23:26","date_gmt":"2014-10-12T12:23:26","guid":{"rendered":"http:\/\/canal-literatura.com\/xcertamen\/?p=798"},"modified":"2024-04-22T10:52:01","modified_gmt":"2024-04-22T08:52:01","slug":"laura-cabedo-cabo-ganadora-del-premio-especial-historias-de-reconciliacion-2014","status":"publish","type":"post","link":"https:\/\/canal-literatura.com\/xcertamen\/?p=798","title":{"rendered":"Laura Cabedo Cabo. Ganadora del Premio Especial  \u00abHistorias de reconciliaci\u00f3n\u00bb 2014"},"content":{"rendered":"<h2 style=\"text-align: center;\"><img loading=\"lazy\" decoding=\"async\" class=\"aligncenter wp-image-512\" src=\"https:\/\/canal-literatura.com\/xcertamen\/files\/2014\/05\/banner468x61.jpg\" alt=\"Premio Especial Reconciliaci\u00f3n, \" width=\"272\" height=\"36\" srcset=\"https:\/\/canal-literatura.com\/xcertamen\/files\/2014\/05\/banner468x61.jpg 468w, https:\/\/canal-literatura.com\/xcertamen\/files\/2014\/05\/banner468x61-300x39.jpg 300w\" sizes=\"auto, (max-width: 272px) 100vw, 272px\" \/><br \/>\nLaura Cabedo Cabo &#8211; Pl\u00e9yade. Historias de reconciliaci\u00f3n<\/h2>\n<p><a href=\"https:\/\/canal-literatura.com\/xcertamen\/files\/2014\/10\/lauracabedo1.jpg\"><img loading=\"lazy\" decoding=\"async\" class=\"aligncenter wp-image-800 size-full\" src=\"https:\/\/canal-literatura.com\/xcertamen\/files\/2014\/10\/lauracabedo1.jpg\" alt=\"Laura Cabedo Cabo. Ganadora del premio Especial &quot;Historias de reconciliaci\u00f3n&quot;\" width=\"400\" height=\"600\" srcset=\"https:\/\/canal-literatura.com\/xcertamen\/files\/2014\/10\/lauracabedo1.jpg 400w, https:\/\/canal-literatura.com\/xcertamen\/files\/2014\/10\/lauracabedo1-200x300.jpg 200w\" sizes=\"auto, (max-width: 400px) 100vw, 400px\" \/><\/a><\/p>\n<p style=\"text-align: center;\"><span style=\"color: #3366ff;\"><a class=\"corner\" style=\"color: #3366ff;\" title=\"Enlace a PE-N\u00ba16 \u2013 El lenguaje del olvido. Por Pl\u00e9yade\" href=\"https:\/\/canal-literatura.com\/xcertamen\/pe-no16-el-lenguaje-del-olvido-por-pleyade\/\" rel=\"bookmark\">PE-N.\u00ba16 \u2013 El lenguaje del olvido. Por Pl\u00e9yade<\/a><\/span><\/p>\n<h2 style=\"text-align: center;\">Cr\u00f3nica<\/h2>\n<p>Tanto en una noche:<\/p>\n<p style=\"text-align: justify;\">Me encant\u00f3 participar con Canal Literatura, esta vez en los relatos de reconciliaci\u00f3n, donde pod\u00eda hablar de sentimientos y de la fuerza del ser humano para retorcerlos, estirarlos y amoldarlos, hasta encontrar en ellos la belleza. Confieso que me gusta hurgar en busca de belleza en los lugares m\u00e1s inh\u00f3spitos, en medio de las ruinas, el dolor o la tristeza. Porque aun en los d\u00edas peores cabe la alegr\u00eda.<\/p>\n<p><!--more--><\/p>\n<p style=\"text-align: justify;\">La historia <em>El lenguaje del olvido<\/em> est\u00e1 basada en la realidad. Y este concurso me permiti\u00f3 leer otras visiones preciosas del tema de la reconciliaci\u00f3n, y en la velada comentar con sus autores que eran unas personas bellas y sensibles.\u00a0 Escritorazos. Ojal\u00e1 cada uno de los relatos se hiciera realidad, porque todos esconden buenos deseos.<\/p>\n<p style=\"text-align: justify;\">Me gust\u00f3 mucho que las fil\u00f3sofas-poetas que leyeron nuestras obras llorasen en los trenes; estoy segura de que llorar en los trenes alarga la vida considerablemente. Qu\u00e9 mejor fin para un relato que mancharse con l\u00e1grimas viajeras, arrugarse en medio de abrazos de and\u00e9n y llegar a su destino, en el \u00faltimo segundo, justo a tiempo para recibir el premio de la emoci\u00f3n.<\/p>\n<p style=\"text-align: justify;\">Entre las mesas, como cada a\u00f1o los seud\u00f3nimos revoloteando en el asombro del primer encuentro. \u00a0Cuando reconoces a la persona por lo que escribi\u00f3 y te parece que es de siempre. La gente, el ambiente, la conversaci\u00f3n, las miradas. Qu\u00e9 puedo decir si inevitablemente hay alguien a quien encontrar. Alguien a quien regresar. Alguien a quien a\u00f1orar. Y las palabras sin parar de caernos encima, obligando a los presentes a refugiarse en el paraguas de los corrillos y las tertulias.<\/p>\n<p style=\"text-align: justify;\">En la almohada vence el sue\u00f1o tras la retirada y aparecen nuevos nombres inventados que esperar\u00e1n otro a\u00f1o, a que vuelva a caer la a\u00f1orada lluvia de palabras sobre el canal.<\/p>\n<p style=\"text-align: justify;\">Muchas gracias y suerte a todos.<\/p>\n<p style=\"text-align: center;\">________________________________________<\/p>\n<h2 style=\"text-align: center;\">Menci\u00f3n especial<\/h2>\n<div style=\"width: 360px\" class=\"wp-caption aligncenter\"><img loading=\"lazy\" decoding=\"async\" src=\"https:\/\/canal-literatura.com\/fotos\/2014\/xcertamen\/manuel-lopez-reyes2.jpg\" alt=\" Manuel Reyes L\u00f3pez-Guevara\" width=\"350\" height=\"525\" \/><p class=\"wp-caption-text\">Manuel Reyes L\u00f3pez-Guevara<\/p><\/div>\n<h2 style=\"text-align: center;\">\u00a0Manuel Reyes L\u00f3pez-Guevara<\/h2>\n<p style=\"text-align: center;\"><a title=\"Permanent Link to PE-N\u00ba4-Hambre, Victoria, Guerra y Muerte. Por Viento Guevara\" href=\"https:\/\/canal-literatura.com\/xcertamen\/pe-no4-hambre-victoria-guerra-y-muerte-por-viento-guevara\/\" rel=\"bookmark\">PE-N.\u00ba4-Hambre, Victoria, Guerra y Muerte. Por Viento Guevara<\/a><\/p>\n<div dir=\"ltr\">\n<div style=\"text-align: center;\"><strong>As\u00ed viv\u00ed la entrega de premios.<\/strong><\/div>\n<div><\/div>\n<div>Mis impresiones de la gala.<\/div>\n<div><\/div>\n<div>Cr\u00f3nica tard\u00eda:<\/div>\n<div><\/div>\n<div style=\"text-align: justify;\">Disculpad por enviaros mis impresiones un poco tarde, pero es que la primera vez que supe de la existencia del concurso fue un mensaje que me lleg\u00f3 una tarde. Tard\u00e9 muy poco en escribir la historia. Me gusta escribir, o quiz\u00e1 solo s\u00e9 hacerlo, por la noche muy tarde. A la gala no llegu\u00e9 cuando empezaba, que era por la tarde, sino m\u00e1s bien tarde. Sub\u00ed el \u00faltimo de los nominados y mi menci\u00f3n fue el premio que m\u00e1s tard\u00f3 en llegar, o \u00e9l que menos porque no lo esperaba, y si, tard\u00e9 en reaccionar. Me hizo muy feliz fue un momento perfecto de esos que no sabes como llegan pero que no quieres que se vaya. \u00bfAs\u00ed que sab\u00e9is hasta que horas de la noche se mantuvo mi sonrisa? adivinadlo&#8230;tarde.<\/div>\n<div style=\"text-align: justify;\"><\/div>\n<div style=\"text-align: justify;\">Fue un honor estar entre vosotros,acompa\u00f1ado de aquellos a quienes m\u00e1s quiero. \u00a0Tengo muchas ganas de publicar y tengo muy claro que quiero vivir, o morir, de escribir.<\/div>\n<\/div>\n<p>&nbsp;<\/p>\n<div id=\"attachment_799\" style=\"width: 510px\" class=\"wp-caption aligncenter\"><a href=\"https:\/\/canal-literatura.com\/xcertamen\/files\/2014\/10\/finalistas-reconciliacion.jpg\"><img loading=\"lazy\" decoding=\"async\" aria-describedby=\"caption-attachment-799\" class=\"wp-image-799 size-full\" src=\"https:\/\/canal-literatura.com\/xcertamen\/files\/2014\/10\/finalistas-reconciliacion.jpg\" alt=\"Finalistas y Jurado del Premio Especial &quot;Historias de reconciliaci\u00f3n&quot; 2014\" width=\"500\" height=\"333\" srcset=\"https:\/\/canal-literatura.com\/xcertamen\/files\/2014\/10\/finalistas-reconciliacion.jpg 500w, https:\/\/canal-literatura.com\/xcertamen\/files\/2014\/10\/finalistas-reconciliacion-300x199.jpg 300w\" sizes=\"auto, (max-width: 500px) 100vw, 500px\" \/><\/a><p id=\"caption-attachment-799\" class=\"wp-caption-text\">Finalistas y jurado del Premio Especial \u00abHistorias de reconciliaci\u00f3n\u00bb 2014<\/p><\/div>\n","protected":false},"excerpt":{"rendered":"<p>Laura Cabedo Cabo &#8211; Pl\u00e9yade. Historias de reconciliaci\u00f3n PE-N.\u00ba16 \u2013 El lenguaje del olvido. Por Pl\u00e9yade Cr\u00f3nica Tanto en una noche: Me encant\u00f3 participar con Canal Literatura, esta vez en los relatos de reconciliaci\u00f3n, donde pod\u00eda hablar de sentimientos y de la fuerza del ser humano para retorcerlos, estirarlos y&#8230;<\/p>\n<p> <a class=\"continue-reading-link\" href=\"https:\/\/canal-literatura.com\/xcertamen\/?p=798\"><span>Leer m\u00e1s..<\/span><i class=\"crycon-right-dir\"><\/i><\/a> <\/p>\n","protected":false},"author":4,"featured_media":800,"comment_status":"open","ping_status":"open","sticky":false,"template":"","format":"standard","meta":{"ngg_post_thumbnail":0,"footnotes":""},"categories":[8,198],"tags":[267,272,271,270,273,209,199,208],"class_list":["post-798","post","type-post","status-publish","format-standard","has-post-thumbnail","hentry","category-ganadores","category-p-e-reconciliacion","tag-cronica","tag-entrega-de-premios-2014","tag-ganadora","tag-laura-cabedo-cabo","tag-manuel-reyes-lopez-guevara","tag-mati-morata","tag-premio-especial-reconciliacion","tag-yolanda-saenz-de-tejada"],"_links":{"self":[{"href":"https:\/\/canal-literatura.com\/xcertamen\/index.php?rest_route=\/wp\/v2\/posts\/798","targetHints":{"allow":["GET"]}}],"collection":[{"href":"https:\/\/canal-literatura.com\/xcertamen\/index.php?rest_route=\/wp\/v2\/posts"}],"about":[{"href":"https:\/\/canal-literatura.com\/xcertamen\/index.php?rest_route=\/wp\/v2\/types\/post"}],"author":[{"embeddable":true,"href":"https:\/\/canal-literatura.com\/xcertamen\/index.php?rest_route=\/wp\/v2\/users\/4"}],"replies":[{"embeddable":true,"href":"https:\/\/canal-literatura.com\/xcertamen\/index.php?rest_route=%2Fwp%2Fv2%2Fcomments&post=798"}],"version-history":[{"count":1,"href":"https:\/\/canal-literatura.com\/xcertamen\/index.php?rest_route=\/wp\/v2\/posts\/798\/revisions"}],"predecessor-version":[{"id":943,"href":"https:\/\/canal-literatura.com\/xcertamen\/index.php?rest_route=\/wp\/v2\/posts\/798\/revisions\/943"}],"wp:featuredmedia":[{"embeddable":true,"href":"https:\/\/canal-literatura.com\/xcertamen\/index.php?rest_route=\/wp\/v2\/media\/800"}],"wp:attachment":[{"href":"https:\/\/canal-literatura.com\/xcertamen\/index.php?rest_route=%2Fwp%2Fv2%2Fmedia&parent=798"}],"wp:term":[{"taxonomy":"category","embeddable":true,"href":"https:\/\/canal-literatura.com\/xcertamen\/index.php?rest_route=%2Fwp%2Fv2%2Fcategories&post=798"},{"taxonomy":"post_tag","embeddable":true,"href":"https:\/\/canal-literatura.com\/xcertamen\/index.php?rest_route=%2Fwp%2Fv2%2Ftags&post=798"}],"curies":[{"name":"wp","href":"https:\/\/api.w.org\/{rel}","templated":true}]}}