
{"id":888,"date":"2017-02-27T11:53:31","date_gmt":"2017-02-27T09:53:31","guid":{"rendered":"http:\/\/canal-literatura.com\/xcertamen\/?p=888"},"modified":"2024-04-22T09:33:53","modified_gmt":"2024-04-22T07:33:53","slug":"relatos-en-el-canal-x-publicado-en-junio-del-2015","status":"publish","type":"post","link":"https:\/\/canal-literatura.com\/xcertamen\/?p=888","title":{"rendered":"Relatos en el Canal X, publicado en junio del 2015."},"content":{"rendered":"<p><img loading=\"lazy\" decoding=\"async\" class=\"aligncenter\" src=\"https:\/\/canal-literatura.com\/wp-content\/uploads\/2015\/12\/Relatos-en-el-canal-X-d.jpg\" alt=\"Relatos-en-el-canal-X\" width=\"446\" height=\"346\" \/><\/p>\n<p>&nbsp;<\/p>\n<p style=\"text-align: justify;\">Este libro es el resultado de la d\u00e9cima\u00a0edici\u00f3n de este certamen contiene los relatos ganadores y finalistas de esta edici\u00f3n y del Premio Especial Reconciliaci\u00f3n, que se\u00a0desarroll\u00f3 \u00edntegramente en Internet y que ha contado con la participaci\u00f3n\u00a0de 75\u00a0relatos en el primero y de 20 en el premio especial, llegados de quince\u00a0 pa\u00edses y de toda la geograf\u00eda espa\u00f1ola.<\/p>\n<p style=\"text-align: justify;\">Con <a href=\"\/\/canal-literatura.com\/blog\/zona-literaria\/carme-riera-prologo-del-libro-relatos-en-el-canal-x\/\" target=\"_blank\" rel=\"noopener\"><strong>pr\u00f3logo de Carmen Riera<\/strong><\/a>\u00a0en el que nos deja palabras como estas: \u201c<em>La red es el mejor soporte que conozco para la difusi\u00f3n de materiales. De ah\u00ed que me considere una defensora ac\u00e9rrima del uso que de ella hace Canal Literatura, ya que no solo nos permite colgar un relato y darlo a conocer, sino tambi\u00e9n que todos podamos opinar sobre \u00e9l de manera inmediata. As\u00ed, autores y autoras y lectores y lectoras entran en contacto de una manera r\u00e1pida y casi en caliente. Quien ha colgado las palabras lo ha hecho casi temblando, y quiz\u00e1 temblando por la emoci\u00f3n trasmitida quien acaba de leer el texto ha dejado al instante su comentario<\/em><em>\u201d.<\/em><\/p>\n<p style=\"text-align: justify;\">Todos los relatos participantes, novedades y noticias, as\u00ed como su repercusi\u00f3n\u00a0en prensa, han sido publicados en la web especial dedicada al mismo, donde est\u00e1n\u00a0permanentemente a disposici\u00f3n de los internautas.<\/p>\n<p>&nbsp;<\/p>\n<p><a href=\"https:\/\/canal-literatura.com\/blog\/noticias\/relatos-en-el-canal-x-libro-conmemorativo-del-x-certamen-de-narrativa-breve\/\" target=\"_blank\" rel=\"noopener\"><strong>M\u00e1s informaci\u00f3n.<\/strong><\/a><\/p>\n<p><a href=\"http:\/\/canal-literatura.com\/blog\/blog-literatura\/relatos-en-el-canal-9-libro-conmemorativo-del-ix-certamen-de-narrativa-breve\/\" target=\"_blank\" rel=\"noopener\"><img loading=\"lazy\" decoding=\"async\" class=\"aligncenter wp-image-889 size-full\" src=\"https:\/\/canal-literatura.com\/xcertamen\/files\/2017\/02\/relatosenelcanal-x-p.jpg\" alt=\"Relatos en el Canal X\" width=\"300\" height=\"221\" \/><\/a>G\u00e9nero: Narrativa<br \/>\nN.\u00ba de p\u00e1ginas: 108<br \/>\nFecha de aparici\u00f3n:\u00a0Junio 2015<br \/>\nEditorial: Ediciones Tres Fronteras \u2013 Asociaci\u00f3n Canal Literatura<br \/>\nDise\u00f1o portada: Jos\u00e9 Miguel de San Pedro<br \/>\nISBN: 978-84-7564-680-0<br \/>\nD\u00e9posito L\u00e9gal: MU-647-2015<br \/>\nPrecio: 10 euros<br \/>\nPlaza: Murcia<br \/>\nIdioma: Castellano<br \/>\nPatrocinado por: Regi\u00f3n de Murcia<\/p>\n<p><img loading=\"lazy\" decoding=\"async\" class=\"alignnone\" src=\"https:\/\/canal-literatura.com\/banner\/RegiondeMurciaverticalop.jpg\" alt=\" Regi\u00f3n de Murcia\" width=\"140\" height=\"145\" \/><\/p>\n<p>&nbsp;<\/p>\n","protected":false},"excerpt":{"rendered":"<p>&nbsp; Este libro es el resultado de la d\u00e9cima\u00a0edici\u00f3n de este certamen contiene los relatos ganadores y finalistas de esta edici\u00f3n y del Premio Especial Reconciliaci\u00f3n, que se\u00a0desarroll\u00f3 \u00edntegramente en Internet y que ha contado con la participaci\u00f3n\u00a0de 75\u00a0relatos en el primero y de 20 en el premio especial, llegados&#8230;<\/p>\n<p> <a class=\"continue-reading-link\" href=\"https:\/\/canal-literatura.com\/xcertamen\/?p=888\"><span>Leer m\u00e1s..<\/span><i class=\"crycon-right-dir\"><\/i><\/a> <\/p>\n","protected":false},"author":4,"featured_media":889,"comment_status":"open","ping_status":"open","sticky":false,"template":"","format":"standard","meta":{"ngg_post_thumbnail":0,"footnotes":""},"categories":[3],"tags":[288,13,244,269,285,227,199,287,289,286],"class_list":["post-888","post","type-post","status-publish","format-standard","has-post-thumbnail","hentry","category-noticias","tag-canal-literatura","tag-carmen-riera","tag-finalistas","tag-ganadores-2","tag-libros","tag-poemas","tag-premio-especial-reconciliacion","tag-region-de-murcia","tag-relatos","tag-relatos-en-el-canal-x"],"_links":{"self":[{"href":"https:\/\/canal-literatura.com\/xcertamen\/index.php?rest_route=\/wp\/v2\/posts\/888","targetHints":{"allow":["GET"]}}],"collection":[{"href":"https:\/\/canal-literatura.com\/xcertamen\/index.php?rest_route=\/wp\/v2\/posts"}],"about":[{"href":"https:\/\/canal-literatura.com\/xcertamen\/index.php?rest_route=\/wp\/v2\/types\/post"}],"author":[{"embeddable":true,"href":"https:\/\/canal-literatura.com\/xcertamen\/index.php?rest_route=\/wp\/v2\/users\/4"}],"replies":[{"embeddable":true,"href":"https:\/\/canal-literatura.com\/xcertamen\/index.php?rest_route=%2Fwp%2Fv2%2Fcomments&post=888"}],"version-history":[{"count":1,"href":"https:\/\/canal-literatura.com\/xcertamen\/index.php?rest_route=\/wp\/v2\/posts\/888\/revisions"}],"predecessor-version":[{"id":942,"href":"https:\/\/canal-literatura.com\/xcertamen\/index.php?rest_route=\/wp\/v2\/posts\/888\/revisions\/942"}],"wp:featuredmedia":[{"embeddable":true,"href":"https:\/\/canal-literatura.com\/xcertamen\/index.php?rest_route=\/wp\/v2\/media\/889"}],"wp:attachment":[{"href":"https:\/\/canal-literatura.com\/xcertamen\/index.php?rest_route=%2Fwp%2Fv2%2Fmedia&parent=888"}],"wp:term":[{"taxonomy":"category","embeddable":true,"href":"https:\/\/canal-literatura.com\/xcertamen\/index.php?rest_route=%2Fwp%2Fv2%2Fcategories&post=888"},{"taxonomy":"post_tag","embeddable":true,"href":"https:\/\/canal-literatura.com\/xcertamen\/index.php?rest_route=%2Fwp%2Fv2%2Ftags&post=888"}],"curies":[{"name":"wp","href":"https:\/\/api.w.org\/{rel}","templated":true}]}}