
{"id":90,"date":"2014-02-07T08:36:30","date_gmt":"2014-02-07T08:36:30","guid":{"rendered":"http:\/\/canal-literatura.com\/xcertamen\/?p=90"},"modified":"2014-02-07T08:37:02","modified_gmt":"2014-02-07T08:37:02","slug":"carmen-riera-presidenta-del-x-certamen-de-narrativa-berve-2014","status":"publish","type":"post","link":"https:\/\/canal-literatura.com\/xcertamen\/?p=90","title":{"rendered":"Carmen Riera. Presidenta del X Certamen de Narrativa Berve 2014"},"content":{"rendered":"<p style=\"text-align: center;\"><img loading=\"lazy\" decoding=\"async\" class=\"aligncenter\" alt=\"Carme Riera\" src=\"http:\/\/canal-literatura.com\/wp-content\/uploads\/2014\/01\/carmen-riera500.jpg\" width=\"500\" height=\"265\" \/><\/p>\n<p style=\"text-align: justify;\">Conocimos a\u00a0<strong>Carme Riera<\/strong>\u00a0en el a\u00f1o 2009, cuando particip\u00f3 en el ciclo de entrevistas \u201cTrayectorias\u201d y donde nos dej\u00f3 algunas claves importantes sobre su personalidad como escritora y como persona. Con la misma amabilidad e inter\u00e9s de entonces \u00a0nos \u00a0ha respondido en esta ocasi\u00f3n para aceptar la presidencia del\u00a0<a href=\"http:\/\/canal-literatura.com\/xcertamen\/\" target=\"_blank\">X Certamen de Narrativa Breve\u00a0<\/a>de Canal Literatura.\u00a0De la primera entrevista nos llam\u00f3 la atenci\u00f3n el inter\u00e9s que demostraba por inculcar a sus alumnos la capacidad de ser cr\u00edticos y aprender a pensar por s\u00ed mismos. Tambi\u00e9n hizo hincapi\u00e9 en la trascendencia que ha tenido la lectura en su vida guiada por el impulso de conocer y aprender. Finalmente nos dej\u00f3 como consejo que \u201cNo hay que tener prisa para publicar\u201d.<\/p>\n<p style=\"text-align: justify;\">Para celebrar esta d\u00e9cima convocatoria creemos que es todo un lujo contar con una escritora como ella, inteligente, serena, constante y reflexiva que, aun conociendo las limitaciones, persevera en su empe\u00f1o de tratar de cambiar algunas cosas y tocar el alma de sus lectores. La nuestra la tiene ya ganada por su excelencia y su compromiso con la palabra. Esperamos que esta entrevista os permita conocerla mejor.<\/p>\n<p><strong><a href=\"http:\/\/canal-literatura.com\/blog\/noticias\/entrevista-carmen-riera\/\" target=\"_blank\">Ver entrevista completa.<\/a><\/strong><\/p>\n","protected":false},"excerpt":{"rendered":"<p>Conocimos a\u00a0Carme Riera\u00a0en el a\u00f1o 2009, cuando particip\u00f3 en el ciclo de entrevistas \u201cTrayectorias\u201d y donde nos dej\u00f3 algunas claves importantes sobre su personalidad como escritora y como persona. Con la misma amabilidad e inter\u00e9s de entonces \u00a0nos \u00a0ha respondido en esta ocasi\u00f3n para aceptar la presidencia del\u00a0X Certamen de&#8230;<\/p>\n<p> <a class=\"continue-reading-link\" href=\"https:\/\/canal-literatura.com\/xcertamen\/?p=90\"><span>Leer m\u00e1s..<\/span><i class=\"crycon-right-dir\"><\/i><\/a> <\/p>\n","protected":false},"author":4,"featured_media":52,"comment_status":"open","ping_status":"open","sticky":false,"template":"","format":"standard","meta":{"ngg_post_thumbnail":0,"footnotes":""},"categories":[3],"tags":[13,15,16,10,14],"class_list":["post-90","post","type-post","status-publish","format-standard","has-post-thumbnail","hentry","category-noticias","tag-carmen-riera","tag-certamen","tag-entrevista","tag-jurado","tag-presidenta"],"_links":{"self":[{"href":"https:\/\/canal-literatura.com\/xcertamen\/index.php?rest_route=\/wp\/v2\/posts\/90","targetHints":{"allow":["GET"]}}],"collection":[{"href":"https:\/\/canal-literatura.com\/xcertamen\/index.php?rest_route=\/wp\/v2\/posts"}],"about":[{"href":"https:\/\/canal-literatura.com\/xcertamen\/index.php?rest_route=\/wp\/v2\/types\/post"}],"author":[{"embeddable":true,"href":"https:\/\/canal-literatura.com\/xcertamen\/index.php?rest_route=\/wp\/v2\/users\/4"}],"replies":[{"embeddable":true,"href":"https:\/\/canal-literatura.com\/xcertamen\/index.php?rest_route=%2Fwp%2Fv2%2Fcomments&post=90"}],"version-history":[{"count":0,"href":"https:\/\/canal-literatura.com\/xcertamen\/index.php?rest_route=\/wp\/v2\/posts\/90\/revisions"}],"wp:featuredmedia":[{"embeddable":true,"href":"https:\/\/canal-literatura.com\/xcertamen\/index.php?rest_route=\/wp\/v2\/media\/52"}],"wp:attachment":[{"href":"https:\/\/canal-literatura.com\/xcertamen\/index.php?rest_route=%2Fwp%2Fv2%2Fmedia&parent=90"}],"wp:term":[{"taxonomy":"category","embeddable":true,"href":"https:\/\/canal-literatura.com\/xcertamen\/index.php?rest_route=%2Fwp%2Fv2%2Fcategories&post=90"},{"taxonomy":"post_tag","embeddable":true,"href":"https:\/\/canal-literatura.com\/xcertamen\/index.php?rest_route=%2Fwp%2Fv2%2Ftags&post=90"}],"curies":[{"name":"wp","href":"https:\/\/api.w.org\/{rel}","templated":true}]}}