
{"id":95,"date":"2014-02-10T11:05:23","date_gmt":"2014-02-10T11:05:23","guid":{"rendered":"http:\/\/canal-literatura.com\/xcertamen\/?p=95"},"modified":"2014-02-10T18:30:31","modified_gmt":"2014-02-10T18:30:31","slug":"se-convoca-el-x-certamen-de-narrativa-breve-de-canal-literatura-2014","status":"publish","type":"post","link":"https:\/\/canal-literatura.com\/xcertamen\/?p=95","title":{"rendered":"Se convoca el X Certamen de Narrativa Breve de Canal Literatura 2014"},"content":{"rendered":"<p><b><a href=\"http:\/\/canal-literatura.com\/xcertamen\/files\/2014\/01\/banner-xcertamen-222x2221.jpg\"><img loading=\"lazy\" decoding=\"async\" class=\" wp-image-52 alignleft\" style=\"margin-left: 10px; margin-right: 10px;\" alt=\"banner-xcertamen-222x222\" src=\"http:\/\/canal-literatura.com\/xcertamen\/files\/2014\/01\/banner-xcertamen-222x2221.jpg\" width=\"200\" height=\"200\" srcset=\"https:\/\/canal-literatura.com\/xcertamen\/files\/2014\/01\/banner-xcertamen-222x2221.jpg 222w, https:\/\/canal-literatura.com\/xcertamen\/files\/2014\/01\/banner-xcertamen-222x2221-150x150.jpg 150w\" sizes=\"auto, (max-width: 200px) 100vw, 200px\" \/><\/a><\/b><\/p>\n<p>&nbsp;<\/p>\n<p style=\"text-align: justify;\">La Asociaci\u00f3n Canal Literatura convoca la d\u00e9cima edici\u00f3n del Certamen de Narrativa Breve para este a\u00f1o 2014 que estar\u00e1 presidido por la escritora mallorquina, recientemente nombrada acad\u00e9mica de la lengua,\u00a0<b>Carmen Riera. <\/b>Ya en el a\u00f1o 2009, Riera estuvo en contacto con los habitantes de Canal Literatura en el ciclo de entrevistas \u201cTrayectorias\u201d. En la <a href=\"http:\/\/canal-literatura.com\/blog\/noticias\/entrevista-carmen-riera\/\">\u00faltima entrevista<\/a> realizada con motivo de este certamen nos ha dejado estas palabras sobre la lectura:<\/p>\n<p>&nbsp;<\/p>\n<p style=\"text-align: center;\"><img loading=\"lazy\" decoding=\"async\" class=\"aligncenter  wp-image-96\" alt=\"Carmen Riera\" src=\"http:\/\/canal-literatura.com\/xcertamen\/files\/2014\/02\/CarmenRiera4-lar.jpg\" width=\"504\" height=\"202\" srcset=\"https:\/\/canal-literatura.com\/xcertamen\/files\/2014\/02\/CarmenRiera4-lar.jpg 630w, https:\/\/canal-literatura.com\/xcertamen\/files\/2014\/02\/CarmenRiera4-lar-300x120.jpg 300w\" sizes=\"auto, (max-width: 504px) 100vw, 504px\" \/><\/p>\n<p align=\"center\"><b>\u201cDesde que nacemos no dejamos de leer el mundo y lo leemos mucho antes de estar alfabetizados.\u00a0 Ya los cl\u00e1sicos se refer\u00edan a la naturaleza como a un libro abierto.\u201d<\/b><b><\/b><\/p>\n<p>&nbsp;<\/p>\n<p style=\"text-align: justify;\">El plazo de presentaci\u00f3n es <strong>desde el 10 de febrero hasta el 15 de arbril de 2014<\/strong> y los textos podr\u00e1n enviarse exclusivamente por correo electr\u00f3nico a la direcci\u00f3n: \u00a0<a href=\"mailto:relatos@canal-literatura.com\">relatos@canal-literatura.com<\/a> \u00a0cumplimentando los <b>formularios oficiales<\/b> que se pueden descargar de la p\u00e1gina del certamen d\u00f3nde se explican detalladamente las <a href=\"http:\/\/canal-literatura.com\/xcertamen\/bases\/\">bases de participaci\u00f3n<\/a> y que recomendamos encarecidamente leer antes de iniciar cualquier tr\u00e1mite.<\/p>\n<p style=\"text-align: justify;\">Primer premio: 500 euros, trofeo y matricula de un curso en la <b>Escuela<\/b><b> de escritores Alonso Quijano, <\/b>segundo premio: 250 euros y trofeo, tercer premio: 125 euros y trofeo.<\/p>\n<p style=\"text-align: justify;\">Este certamen de narrativa breve se desarrolla \u00edntegramente en Internet con la exposici\u00f3n de todos los textos concursantes, que pueden ser comentados, compartidos y votados por todos los lectores. Cumpliendo sus fines, la Asociaci\u00f3n Canal Literatura trata con este formato de participaci\u00f3n abierta, promover y estimular la lectura, la creaci\u00f3n literaria en espa\u00f1ol, el intercambio de conocimiento, la promoci\u00f3n de escritores noveles as\u00ed como mejorar la confianza en el uso de las nuevas tecnolog\u00edas como medio de promocionar nuestro idioma y la cultura hispana.<\/p>\n<h3 style=\"text-align: center;\">\u00a0\u00a1\u00a1An\u00edmate a participar!!<\/h3>\n<p>&nbsp;<\/p>\n<p><a href=\"http:\/\/www.laverdad.es\/murcia\/ocio\/certamen-canal-literatura-201402101749.html\" target=\"_blank\"><img decoding=\"async\" alt=\"La Verdad.es\" src=\"http:\/\/www.canal-literatura.com\/themes\/3D-Fantasy\/images\/header\/logo_laverdad.gif\" \/>Noticia en el peri\u00f3dico La Verdad.es<\/a><\/p>\n","protected":false},"excerpt":{"rendered":"<p>&nbsp; La Asociaci\u00f3n Canal Literatura convoca la d\u00e9cima edici\u00f3n del Certamen de Narrativa Breve para este a\u00f1o 2014 que estar\u00e1 presidido por la escritora mallorquina, recientemente nombrada acad\u00e9mica de la lengua,\u00a0Carmen Riera. Ya en el a\u00f1o 2009, Riera estuvo en contacto con los habitantes de Canal Literatura en el ciclo&#8230;<\/p>\n<p> <a class=\"continue-reading-link\" href=\"https:\/\/canal-literatura.com\/xcertamen\/?p=95\"><span>Leer m\u00e1s..<\/span><i class=\"crycon-right-dir\"><\/i><\/a> <\/p>\n","protected":false},"author":4,"featured_media":52,"comment_status":"open","ping_status":"open","sticky":false,"template":"","format":"standard","meta":{"ngg_post_thumbnail":0,"footnotes":""},"categories":[3],"tags":[21,13,19,18,20,17],"class_list":["post-95","post","type-post","status-publish","format-standard","has-post-thumbnail","hentry","category-noticias","tag-21","tag-carmen-riera","tag-concurso","tag-convocatoria","tag-premios","tag-x-certamen-de-narrativa-breve"],"_links":{"self":[{"href":"https:\/\/canal-literatura.com\/xcertamen\/index.php?rest_route=\/wp\/v2\/posts\/95","targetHints":{"allow":["GET"]}}],"collection":[{"href":"https:\/\/canal-literatura.com\/xcertamen\/index.php?rest_route=\/wp\/v2\/posts"}],"about":[{"href":"https:\/\/canal-literatura.com\/xcertamen\/index.php?rest_route=\/wp\/v2\/types\/post"}],"author":[{"embeddable":true,"href":"https:\/\/canal-literatura.com\/xcertamen\/index.php?rest_route=\/wp\/v2\/users\/4"}],"replies":[{"embeddable":true,"href":"https:\/\/canal-literatura.com\/xcertamen\/index.php?rest_route=%2Fwp%2Fv2%2Fcomments&post=95"}],"version-history":[{"count":0,"href":"https:\/\/canal-literatura.com\/xcertamen\/index.php?rest_route=\/wp\/v2\/posts\/95\/revisions"}],"wp:featuredmedia":[{"embeddable":true,"href":"https:\/\/canal-literatura.com\/xcertamen\/index.php?rest_route=\/wp\/v2\/media\/52"}],"wp:attachment":[{"href":"https:\/\/canal-literatura.com\/xcertamen\/index.php?rest_route=%2Fwp%2Fv2%2Fmedia&parent=95"}],"wp:term":[{"taxonomy":"category","embeddable":true,"href":"https:\/\/canal-literatura.com\/xcertamen\/index.php?rest_route=%2Fwp%2Fv2%2Fcategories&post=95"},{"taxonomy":"post_tag","embeddable":true,"href":"https:\/\/canal-literatura.com\/xcertamen\/index.php?rest_route=%2Fwp%2Fv2%2Ftags&post=95"}],"curies":[{"name":"wp","href":"https:\/\/api.w.org\/{rel}","templated":true}]}}